{"id":242871,"date":"2020-06-02T09:39:41","date_gmt":"2020-06-02T12:39:41","guid":{"rendered":"https:\/\/notinor.com\/jujuy\/?p=242871"},"modified":"2020-06-02T09:39:47","modified_gmt":"2020-06-02T12:39:47","slug":"reunion-clave-entre-el-gobierno-y-representantes-del-transporte-de-jujuy","status":"publish","type":"post","link":"https:\/\/notinor.com\/jujuy\/reunion-clave-entre-el-gobierno-y-representantes-del-transporte-de-jujuy\/","title":{"rendered":"Reuni\u00f3n clave entre el gobierno y representantes del transporte de Jujuy"},"content":{"rendered":"\n<p>Habr\u00e1 medidas m\u00e1s rigurosas en el marco del plan Fronteras Sanitarias Seguras.<\/p>\n\n\n\n<figure class=\"wp-block-image size-large\"><img decoding=\"async\" loading=\"lazy\" width=\"1024\" height=\"683\" src=\"https:\/\/i0.wp.com\/notinor.com\/jujuy\/wp-content\/uploads\/2020\/06\/DSC_4710-1024x683-1.jpg?fit=720%2C480&amp;ssl=1\" alt=\"\" class=\"wp-image-242872\" srcset=\"https:\/\/notinor.com\/jujuy\/wp-content\/uploads\/2020\/06\/DSC_4710-1024x683-1.jpg 1024w, https:\/\/notinor.com\/jujuy\/wp-content\/uploads\/2020\/06\/DSC_4710-1024x683-1-547x365.jpg 547w, https:\/\/notinor.com\/jujuy\/wp-content\/uploads\/2020\/06\/DSC_4710-1024x683-1-720x480.jpg 720w, https:\/\/notinor.com\/jujuy\/wp-content\/uploads\/2020\/06\/DSC_4710-1024x683-1-768x512.jpg 768w, https:\/\/notinor.com\/jujuy\/wp-content\/uploads\/2020\/06\/DSC_4710-1024x683-1-400x266.jpg 400w\" sizes=\"(max-width: 1024px) 100vw, 1024px\" \/><\/figure>\n\n\n\n<p class=\"has-background has-vivid-cyan-blue-background-color\">El gobernador Gerardo Morales encabez\u00f3 un encuentro con directivos y miembros de las C\u00e1maras Transportistas de Jujuy, oportunidad en la que las partes acercaron propuestas para mejorar el ingreso a la provincia. <\/p>\n\n\n\n<p>De la reuni\u00f3n fueron parte los ministros de Seguridad, Ekel Meyer; de Desarrollo Econ\u00f3mico y Producci\u00f3n, Ezequiel Lello Ivacevich y de Salud, Gustavo Bouhid. Tambi\u00e9n estuvieron presentes los miembros del COE, Omar Guti\u00e9rrez y Pablo Jure; el secretario de Seguridad Vial, Alejandro Marenco y el secretario de Desarrollo Industrial, Jos\u00e9 Rossetto. <\/p>\n\n\n\n<p>Habr\u00e1 medidas m\u00e1s rigurosas en el marco del plan Fronteras Sanitarias Seguras, decisi\u00f3n que se adopta ante la facilidad de transmisibilidad que muestra el virus, lo que representa una severa amenaza a la salud y la vida de los juje\u00f1os. <\/p>\n\n\n\n<p>En este sentido, se anticip\u00f3 que el monto de multas a las empresas se incrementar\u00e1 y llegar\u00e1 a $1.000.000. <\/p>\n","protected":false},"excerpt":{"rendered":"<p>Habr\u00e1 medidas m\u00e1s rigurosas en el marco del plan Fronteras Sanitarias Seguras. El gobernador Gerardo Morales encabez\u00f3 un encuentro con directivos y miembros de las C\u00e1maras Transportistas de Jujuy, oportunidad en la que las partes acercaron propuestas para mejorar el ingreso a la provincia. De la reuni\u00f3n fueron parte los ministros de Seguridad, Ekel Meyer; [&hellip;]<\/p>\n","protected":false},"author":37,"featured_media":242872,"comment_status":"open","ping_status":"open","sticky":false,"template":"","format":"standard","meta":{"_stopmodifiedupdate":false,"_modified_date":"","inline_featured_image":false,"spay_email":"","jetpack_publicize_message":"Habr\u00e1 medidas m\u00e1s rigurosas en el marco del plan Fronteras Sanitarias Seguras"},"categories":[514],"tags":[],"jetpack_featured_media_url":"https:\/\/notinor.com\/jujuy\/wp-content\/uploads\/2020\/06\/DSC_4710-1024x683-1.jpg","jetpack_publicize_connections":[],"_links":{"self":[{"href":"https:\/\/notinor.com\/jujuy\/wp-json\/wp\/v2\/posts\/242871"}],"collection":[{"href":"https:\/\/notinor.com\/jujuy\/wp-json\/wp\/v2\/posts"}],"about":[{"href":"https:\/\/notinor.com\/jujuy\/wp-json\/wp\/v2\/types\/post"}],"author":[{"embeddable":true,"href":"https:\/\/notinor.com\/jujuy\/wp-json\/wp\/v2\/users\/37"}],"replies":[{"embeddable":true,"href":"https:\/\/notinor.com\/jujuy\/wp-json\/wp\/v2\/comments?post=242871"}],"version-history":[{"count":1,"href":"https:\/\/notinor.com\/jujuy\/wp-json\/wp\/v2\/posts\/242871\/revisions"}],"predecessor-version":[{"id":242873,"href":"https:\/\/notinor.com\/jujuy\/wp-json\/wp\/v2\/posts\/242871\/revisions\/242873"}],"wp:featuredmedia":[{"embeddable":true,"href":"https:\/\/notinor.com\/jujuy\/wp-json\/wp\/v2\/media\/242872"}],"wp:attachment":[{"href":"https:\/\/notinor.com\/jujuy\/wp-json\/wp\/v2\/media?parent=242871"}],"wp:term":[{"taxonomy":"category","embeddable":true,"href":"https:\/\/notinor.com\/jujuy\/wp-json\/wp\/v2\/categories?post=242871"},{"taxonomy":"post_tag","embeddable":true,"href":"https:\/\/notinor.com\/jujuy\/wp-json\/wp\/v2\/tags?post=242871"}],"curies":[{"name":"wp","href":"https:\/\/api.w.org\/{rel}","templated":true}]}}