{"id":242865,"date":"2020-06-02T09:33:17","date_gmt":"2020-06-02T12:33:17","guid":{"rendered":"https:\/\/notinor.com\/jujuy\/?p=242865"},"modified":"2020-06-02T09:33:18","modified_gmt":"2020-06-02T12:33:18","slug":"la-historia-de-chonino-el-heroico-ovejero-que-tiene-una-calle-con-su-nombre","status":"publish","type":"post","link":"https:\/\/notinor.com\/jujuy\/la-historia-de-chonino-el-heroico-ovejero-que-tiene-una-calle-con-su-nombre\/","title":{"rendered":"La historia de Chonino, el heroico ovejero que tiene una calle con su nombre"},"content":{"rendered":"\n<p>Para recordarlo, la periodista y poeta Cora Can\u00e9 impuls\u00f3,\ndesde las contratapas de Clar\u00edn, que cada 2 de junio se celebre el \u201cD\u00eda\nNacional del Perro\u201d. Aqu\u00ed su historia.<\/p>\n\n\n\n<figure class=\"wp-block-image size-large\"><img decoding=\"async\" loading=\"lazy\" width=\"750\" height=\"424\" src=\"https:\/\/notinor.com\/jujuy\/wp-content\/uploads\/2020\/06\/cora.jpg\" alt=\"\" class=\"wp-image-242868\" srcset=\"https:\/\/notinor.com\/jujuy\/wp-content\/uploads\/2020\/06\/cora.jpg 750w, https:\/\/notinor.com\/jujuy\/wp-content\/uploads\/2020\/06\/cora-646x365.jpg 646w\" sizes=\"(max-width: 750px) 100vw, 750px\" \/><\/figure>\n\n\n\n<p class=\"has-background has-vivid-cyan-blue-background-color\"><strong>Ellos siempre est\u00e1n ah\u00ed, incondicionales, como el amigo m\u00e1s leal de todos. Se trata de los perros que muchas veces dejan de ser simples mascotas para ser uno m\u00e1s de la familia. Y aqu\u00ed, en Argentina cada 2 de junio se festeja su d\u00eda.<\/strong><\/p>\n\n\n\n<p>Esta celebraci\u00f3n tiene su origen gracias a la periodista y\npoeta Cora Can\u00e9, quien falleci\u00f3 en 2016. Desde su secci\u00f3n Clar\u00edn Porte\u00f1o\nimpuls\u00f3 que se eligiera esta fecha como recordatorio por \"Chonino\".<\/p>\n\n\n\n<p>Se trataba de homenajear a un ovejero alem\u00e1n de la Polic\u00eda\nFederal. Su iniciativa tuvo \u00e9xito: desde 1996, cada 2 de junio es el D\u00eda\nNacional del Perro. <\/p>\n\n\n\n<p>La historia de \"Chonino\", el perro h\u00e9roe<\/p>\n\n\n\n<p>Este ovejero alem\u00e1n naci\u00f3 en abril de 1975, y apenas dos\na\u00f1os m\u00e1s tarde lo eligieron para ser parte de la Divisi\u00f3n Perros de la Polic\u00eda\nFederal. De r\u00e1pida comprensi\u00f3n, form\u00f3 parte del operativo de seguridad en el\npartido inaugural del Mundial 78, que se disput\u00f3 en el estadio Monumental entre\nAlemania y Polonia.<\/p>\n\n\n\n<p>Como sucede en estos casos, Chonino trabajaba con un gu\u00eda:\nel suboficial Luis Sibert, quien a su vez compart\u00eda tareas con otro agente,\nJorge Iani. El 2 de junio de 1983, en definitiva, la vida de ellos tres iba a\ncambiar. <\/p>\n\n\n\n<p>Mientras recorr\u00edan Villa Devoto en un patrullaje de rutina,\nquisieron identificar a dos sospechosos en la Avenida General Paz y Lastra. Sin\nembargo, cuando les pidieron los documentos, los delincuentes dispararon contra\nlos polic\u00edas e hirieron a Sibert y a Iani. <\/p>\n\n\n\n<p>Al observar a su gu\u00eda en el piso, Chonino se abalanz\u00f3 sobre\nlos delincuentes y salt\u00f3 sobre uno de ellos, arranc\u00e1ndole el bolsillo de su\ncampera. El otro atacante, que observaba todo desde un costado, le dispar\u00f3 al\novejero alem\u00e1n en el pecho, que qued\u00f3 gravemente herido. Con las \u00faltimas\nfuerzas que ten\u00eda, Chonino se arrastr\u00f3 hacia su gu\u00eda y muri\u00f3 a su lado. <\/p>\n\n\n\n<p>El sacrificio de Chonino sirvi\u00f3 para salvarle la vida a\nSibert, su gu\u00eda, que luego de una larga recuperaci\u00f3n logr\u00f3 dejar atr\u00e1s las\nsecuelas del disparo. En tanto, Iani no pudo sobrevivir a los disparos y al\nigual que el ovejero alem\u00e1n tambi\u00e9n perdi\u00f3 su vida. <\/p>\n\n\n\n<p>Pero no todo quedar\u00eda all\u00ed. El fallecimiento de Chonino,\nadem\u00e1s de ser heroico, tuvo un ribete \"m\u00e1gico\". Ya muerto, el perro\nten\u00eda en la boca los documentos del atacante: se hab\u00edan quedado atrapados en la\ntela del bolsillo, por lo que finalmente se pudo localizar a los delincuentes y\natraparlos.<\/p>\n\n\n\n<p>El recuerdo de Chonino en la Ciudad de Buenos Aires<\/p>\n\n\n\n<p>A partir de all\u00ed, los homenajes hacia Chonino comenzaron a\nrepetirse. Como acto de gratitud, la por entonces Municipalidad de la Ciudad de\nBuenos Aires promulg\u00f3 en 1989 una ordenanza en la que le puso su nombre a la\ncalle de acceso a la Divisi\u00f3n Perros de la Federal, cerca del museo Malba.<\/p>\n\n\n\n<p>Adem\u00e1s, la Polic\u00eda Federal emplaz\u00f3 una estatua de bronce en\nsu honor. Y quienes aman a los animales eligieron el 2 de junio para celebrar\nel D\u00eda Nacional del Perro tras aquella iniciativa de Cora Can\u00e9, quien este d\u00eda\n(pero de 1996) cont\u00f3 en su columna la historia de Chonino. <\/p>\n\n\n\n<p>\"El tema de recordar con un d\u00eda especial a perros que\npor su conducta singular han quedado en la memoria colectiva -como, por\nejemplo, el famoso Fernando, de Resistencia- lo tratamos en una nota publicada\nel 4 de junio del a\u00f1o pasado. Una lectora ha propuesto que el 2 de junio sea\ndesignado D\u00eda del Perro\", comenzaba el texto la periodista.<\/p>\n\n\n\n<p>Y agregaba: \"En esa fecha fue baleado y muerto por\ndelincuentes el valiente ovejero alem\u00e1n, de la polic\u00eda, llamado Chonino. Muri\u00f3\ndefendiendo no solo a sus amos, sino a la justicia y a la honradez, luchando\ncontra la delincuencia. Merece, que, en su nombre, celebremos a partir de hoy y\ntodos los 2 de junio, el D\u00eda del Perro. Ser\u00e1 una manera de honrar a todos 'los\nperros ilustres' que nos dejaron sus ejemplos de nobleza, valent\u00eda, lealtad,\nsentimientos generosos. Virtudes estas, amigo lector, que a muchos racionales\nbien les vendr\u00eda tomar como modelos de vida\".<\/p>\n","protected":false},"excerpt":{"rendered":"<p>Para recordarlo, la periodista y poeta Cora Can\u00e9 impuls\u00f3, desde las contratapas de Clar\u00edn, que cada 2 de junio se celebre el \u201cD\u00eda Nacional del Perro\u201d. Aqu\u00ed su historia. Ellos siempre est\u00e1n ah\u00ed, incondicionales, como el amigo m\u00e1s leal de todos. Se trata de los perros que muchas veces dejan de ser simples mascotas para [&hellip;]<\/p>\n","protected":false},"author":5,"featured_media":242867,"comment_status":"open","ping_status":"open","sticky":false,"template":"","format":"standard","meta":{"_stopmodifiedupdate":false,"_modified_date":"","inline_featured_image":false,"spay_email":"","jetpack_publicize_message":"Para recordarlo, la periodista y poeta Cora Can\u00e9 impuls\u00f3, desde las contratapas de Clar\u00edn, que cada 2 de junio se celebre el \u201cD\u00eda Nacional del Perro\u201d. Aqu\u00ed su historia."},"categories":[13],"tags":[],"jetpack_featured_media_url":"https:\/\/notinor.com\/jujuy\/wp-content\/uploads\/2020\/06\/chonino.jpg","jetpack_publicize_connections":[],"_links":{"self":[{"href":"https:\/\/notinor.com\/jujuy\/wp-json\/wp\/v2\/posts\/242865"}],"collection":[{"href":"https:\/\/notinor.com\/jujuy\/wp-json\/wp\/v2\/posts"}],"about":[{"href":"https:\/\/notinor.com\/jujuy\/wp-json\/wp\/v2\/types\/post"}],"author":[{"embeddable":true,"href":"https:\/\/notinor.com\/jujuy\/wp-json\/wp\/v2\/users\/5"}],"replies":[{"embeddable":true,"href":"https:\/\/notinor.com\/jujuy\/wp-json\/wp\/v2\/comments?post=242865"}],"version-history":[{"count":1,"href":"https:\/\/notinor.com\/jujuy\/wp-json\/wp\/v2\/posts\/242865\/revisions"}],"predecessor-version":[{"id":242870,"href":"https:\/\/notinor.com\/jujuy\/wp-json\/wp\/v2\/posts\/242865\/revisions\/242870"}],"wp:featuredmedia":[{"embeddable":true,"href":"https:\/\/notinor.com\/jujuy\/wp-json\/wp\/v2\/media\/242867"}],"wp:attachment":[{"href":"https:\/\/notinor.com\/jujuy\/wp-json\/wp\/v2\/media?parent=242865"}],"wp:term":[{"taxonomy":"category","embeddable":true,"href":"https:\/\/notinor.com\/jujuy\/wp-json\/wp\/v2\/categories?post=242865"},{"taxonomy":"post_tag","embeddable":true,"href":"https:\/\/notinor.com\/jujuy\/wp-json\/wp\/v2\/tags?post=242865"}],"curies":[{"name":"wp","href":"https:\/\/api.w.org\/{rel}","templated":true}]}}