{"id":242864,"date":"2020-06-02T09:33:02","date_gmt":"2020-06-02T12:33:02","guid":{"rendered":"https:\/\/notinor.com\/jujuy\/?p=242864"},"modified":"2020-06-02T09:33:03","modified_gmt":"2020-06-02T12:33:03","slug":"se-encuentran-en-vigilancia-epidemiologica-1871-personas-asintomaticas","status":"publish","type":"post","link":"https:\/\/notinor.com\/jujuy\/se-encuentran-en-vigilancia-epidemiologica-1871-personas-asintomaticas\/","title":{"rendered":"Se encuentran en vigilancia epidemiol\u00f3gica 1871 personas asintom\u00e1ticas"},"content":{"rendered":"\n<p>Desde el inicio de la pandemia fueron evaluados 269 casos de los cuales se descartaron 262.<\/p>\n\n\n\n<figure class=\"wp-block-image size-large\"><img decoding=\"async\" loading=\"lazy\" width=\"410\" height=\"230\" src=\"https:\/\/notinor.com\/jujuy\/wp-content\/uploads\/2020\/06\/111901748_tubo.jpg\" alt=\"\" class=\"wp-image-242866\"\/><\/figure>\n\n\n\n<p class=\"has-background has-vivid-cyan-blue-background-color\">El Comit\u00e9 Operativo de Emergencia, dio a conocer las novedades sobre las \u00faltimas 24 horas en la provincia, en el marco de la emergencia originada por el COVID-19.<\/p>\n\n\n\n<p>Desde el inicio de la pandemia, fueron evaluados 269 casos evaluados en total, de los cuales se descartaron 262.<\/p>\n\n\n\n<p>Se indic\u00f3 que hay un caso sospechoso en estudio. Se recuerda que se considera como tal a toda persona que presente fiebre, tos o dificultad respiratoria, y que en los \u00faltimos 14 d\u00edas haya venido de cualquier otra provincia o pa\u00eds con esa enfermedad.<\/p>\n\n\n\n<p>Asimismo, informaron que se presentaron en la provincia 6 casos positivos, de los cuales se recuperaron 5. Se record\u00f3 que de los 6 existe un caso confirmado proveniente de Per\u00fa que se encontraba de paso por la provincia.<\/p>\n\n\n\n<p>Se encuentran en vigilancia epidemiol\u00f3gica 1871 personas asintom\u00e1ticas de la enfermedad. Y finalizaron la misma 4836 personas.<\/p>\n\n\n\n<p>Asimismo, se recomend\u00f3 que si se tiene s\u00edntomas respiratorios con sospecha o no de coronavirus, o si se tiene otra patolog\u00eda, se realice la consulta virtual a&nbsp;<a href=\"http:\/\/www.salud.jujuy.gob.ar\/\">www.salud.jujuy.gob.ar<\/a>, o consulta telef\u00f3nica a los n\u00fameros 0800-888-4767 o al 0800-777-7711.<\/p>\n","protected":false},"excerpt":{"rendered":"<p>Desde el inicio de la pandemia fueron evaluados 269 casos de los cuales se descartaron 262. El Comit\u00e9 Operativo de Emergencia, dio a conocer las novedades sobre las \u00faltimas 24 horas en la provincia, en el marco de la emergencia originada por el COVID-19. Desde el inicio de la pandemia, fueron evaluados 269 casos evaluados [&hellip;]<\/p>\n","protected":false},"author":37,"featured_media":242866,"comment_status":"open","ping_status":"open","sticky":false,"template":"","format":"standard","meta":{"_stopmodifiedupdate":false,"_modified_date":"","inline_featured_image":false,"spay_email":"","jetpack_publicize_message":"Desde el inicio de la pandemia fueron evaluados 269 casos de los cuales se descartaron 262"},"categories":[2],"tags":[],"jetpack_featured_media_url":"https:\/\/notinor.com\/jujuy\/wp-content\/uploads\/2020\/06\/111901748_tubo.jpg","jetpack_publicize_connections":[],"_links":{"self":[{"href":"https:\/\/notinor.com\/jujuy\/wp-json\/wp\/v2\/posts\/242864"}],"collection":[{"href":"https:\/\/notinor.com\/jujuy\/wp-json\/wp\/v2\/posts"}],"about":[{"href":"https:\/\/notinor.com\/jujuy\/wp-json\/wp\/v2\/types\/post"}],"author":[{"embeddable":true,"href":"https:\/\/notinor.com\/jujuy\/wp-json\/wp\/v2\/users\/37"}],"replies":[{"embeddable":true,"href":"https:\/\/notinor.com\/jujuy\/wp-json\/wp\/v2\/comments?post=242864"}],"version-history":[{"count":1,"href":"https:\/\/notinor.com\/jujuy\/wp-json\/wp\/v2\/posts\/242864\/revisions"}],"predecessor-version":[{"id":242869,"href":"https:\/\/notinor.com\/jujuy\/wp-json\/wp\/v2\/posts\/242864\/revisions\/242869"}],"wp:featuredmedia":[{"embeddable":true,"href":"https:\/\/notinor.com\/jujuy\/wp-json\/wp\/v2\/media\/242866"}],"wp:attachment":[{"href":"https:\/\/notinor.com\/jujuy\/wp-json\/wp\/v2\/media?parent=242864"}],"wp:term":[{"taxonomy":"category","embeddable":true,"href":"https:\/\/notinor.com\/jujuy\/wp-json\/wp\/v2\/categories?post=242864"},{"taxonomy":"post_tag","embeddable":true,"href":"https:\/\/notinor.com\/jujuy\/wp-json\/wp\/v2\/tags?post=242864"}],"curies":[{"name":"wp","href":"https:\/\/api.w.org\/{rel}","templated":true}]}}