{"id":242861,"date":"2020-06-02T09:00:32","date_gmt":"2020-06-02T12:00:32","guid":{"rendered":"https:\/\/notinor.com\/jujuy\/?p=242861"},"modified":"2020-06-02T09:22:36","modified_gmt":"2020-06-02T12:22:36","slug":"soto-jose-javier","status":"publish","type":"post","link":"https:\/\/notinor.com\/jujuy\/soto-jose-javier\/","title":{"rendered":"SOTO, Jos\u00e9 Javier"},"content":{"rendered":"\n<p class=\"has-background has-vivid-cyan-blue-background-color\"><strong>Falleci\u00f3 el d\u00eda 01 de junio de 2020, a hs. 08:35, a la edad de 68 a\u00f1os. \u201cHoy te fuiste para el Reino del Se\u00f1or, con tu triste partida la familia se enluta, descansa en paz\u201d. Su esposa: Mar\u00eda Estela Giardina, sus hijos: Maximiliano Calder\u00f3n, Diego y Paula Soto, sus hermanos: Rolando y Nabor Soto, sus nietos: Agust\u00edn, Salvador, Vicente, Julia, dem\u00e1s familiares y amigos participan con profundo dolor su fallecimiento e informan a todas las personas piadosas que sus restos mortales ser\u00e1n cremados en la localidad de Campo Santo G\u00fcemes Salta hoy 2 de junio a hs. 09:30. La familia agradece a todas las personas que acompa\u00f1an en estos momentos de profundo dolor. Exequias y ceremonial empresa Werchow Servicios Sociales SRL. Independencia 1185. San Salvador de Jujuy. Tel. 4228433. Celular 388- 154177373. <\/strong><\/p>\n","protected":false},"excerpt":{"rendered":"<p>Falleci\u00f3 el d\u00eda 01 de junio de 2020, a hs. 08:35, a la edad de 68 a\u00f1os. \u201cHoy te fuiste para el Reino del Se\u00f1or, con tu triste partida la familia se enluta, descansa en paz\u201d. Su esposa: Mar\u00eda Estela Giardina, sus hijos: Maximiliano Calder\u00f3n, Diego y Paula Soto, sus hermanos: Rolando y Nabor Soto, [&hellip;]<\/p>\n","protected":false},"author":5,"featured_media":130005,"comment_status":"open","ping_status":"open","sticky":false,"template":"","format":"standard","meta":{"_stopmodifiedupdate":false,"_modified_date":"","inline_featured_image":false,"spay_email":"","jetpack_publicize_message":""},"categories":[523],"tags":[],"jetpack_featured_media_url":"https:\/\/notinor.com\/jujuy\/wp-content\/uploads\/2017\/08\/Obituarios-1.jpg","jetpack_publicize_connections":[],"_links":{"self":[{"href":"https:\/\/notinor.com\/jujuy\/wp-json\/wp\/v2\/posts\/242861"}],"collection":[{"href":"https:\/\/notinor.com\/jujuy\/wp-json\/wp\/v2\/posts"}],"about":[{"href":"https:\/\/notinor.com\/jujuy\/wp-json\/wp\/v2\/types\/post"}],"author":[{"embeddable":true,"href":"https:\/\/notinor.com\/jujuy\/wp-json\/wp\/v2\/users\/5"}],"replies":[{"embeddable":true,"href":"https:\/\/notinor.com\/jujuy\/wp-json\/wp\/v2\/comments?post=242861"}],"version-history":[{"count":1,"href":"https:\/\/notinor.com\/jujuy\/wp-json\/wp\/v2\/posts\/242861\/revisions"}],"predecessor-version":[{"id":242862,"href":"https:\/\/notinor.com\/jujuy\/wp-json\/wp\/v2\/posts\/242861\/revisions\/242862"}],"wp:featuredmedia":[{"embeddable":true,"href":"https:\/\/notinor.com\/jujuy\/wp-json\/wp\/v2\/media\/130005"}],"wp:attachment":[{"href":"https:\/\/notinor.com\/jujuy\/wp-json\/wp\/v2\/media?parent=242861"}],"wp:term":[{"taxonomy":"category","embeddable":true,"href":"https:\/\/notinor.com\/jujuy\/wp-json\/wp\/v2\/categories?post=242861"},{"taxonomy":"post_tag","embeddable":true,"href":"https:\/\/notinor.com\/jujuy\/wp-json\/wp\/v2\/tags?post=242861"}],"curies":[{"name":"wp","href":"https:\/\/api.w.org\/{rel}","templated":true}]}}