{"id":242858,"date":"2020-06-02T09:10:00","date_gmt":"2020-06-02T12:10:00","guid":{"rendered":"https:\/\/notinor.com\/jujuy\/?p=242858"},"modified":"2020-06-02T09:27:27","modified_gmt":"2020-06-02T12:27:27","slug":"horror-asesinaron-a-una-mujer-aplastandola-en-plena-calle-con-dos-vehiculos","status":"publish","type":"post","link":"https:\/\/notinor.com\/jujuy\/horror-asesinaron-a-una-mujer-aplastandola-en-plena-calle-con-dos-vehiculos\/","title":{"rendered":"Horror: asesinaron a una mujer aplast\u00e1ndola en plena calle con dos veh\u00edculos"},"content":{"rendered":"\n<p> <em>El macabro femicidio ocurri\u00f3 en la localidad bonaerense de Ostende, en el partido de Pinamar. La polic\u00eda detuvo al marido y al cu\u00f1ado de la v\u00edctima.<\/em> <\/p>\n\n\n\n<figure class=\"wp-block-image\"><img decoding=\"async\" src=\"https:\/\/tilcaraonline.com\/wp-content\/uploads\/2020\/06\/ostende.jpg_1734428432-696x392.jpg\" alt=\"\"\/><\/figure>\n\n\n\n<p>La localidad bonaerense de Ostende, en el partido de Pinamar, se convirti\u00f3 en escenario de un escalofriante femicidio. Una mujer, de 39 a\u00f1os y nacionalidad boliviana, muri\u00f3 tras ser aplastada con dos veh\u00edculos en la v\u00eda p\u00fablica. Debido a lo ocurrido, los efectivos policiales apresaron preventivamente al esposo y al cu\u00f1ado de la v\u00edctima.<\/p>\n\n\n\n<p>Voceros del departamento judicial de Dolores afirmaron a cronica.com.ar que la mujer que perdi\u00f3 la vida fue identificada como Mar\u00eda Teresa Mamani, quien fue hallada sin vida y con signos de haber sido embestida por alg\u00fan rodado, en Praga al 800.<\/p>\n\n\n\n<p>Con los datos obtenidos en el lugar, integrantes de la Subdelegaci\u00f3n Departamental de Investigaciones (SubDDI) de Villa Gesell, con el apoyo de miembros de la comisar\u00eda de Ostende (2\u00aa de Pinamar), detuvieron al marido de la occisa, de 45 a\u00f1os, y al hermano de \u00e9ste, de 42, sindicados como autores del femicidio.<\/p>\n\n\n\n<p><strong>Trascendi\u00f3 que los servidores p\u00fablicos incautaron una camioneta Chevrolet Montana, chapa LYQ 149, y un Renault Sandero, dominio KIX 608, que se presume habr\u00edan sido usados para consumar el asesinato<\/strong><\/p>\n\n\n\n<p>Mamani hab\u00eda radicado ante la Justicia una denuncia por violencia de g\u00e9nero el 13 de noviembre de 2019.<\/p>\n\n\n\n<p>Autoridades de la Direcci\u00f3n Departamental de Investigaciones (D.D.I.) de Dolores y de la Superintendencia General de Investigaciones en Funci\u00f3n Judicial de la Polic\u00eda de la Provincia de Buenos Aires se encargaron de supervisar los operativos.<\/p>\n\n\n\n<p>El expediente, que en un principio se caratul\u00f3 \u201cAveriguaci\u00f3n de causales de muerte\u201d, se recaratul\u00f3 \u201cHomicidio\u201d, con intervenci\u00f3n de la Unidad Funcional N\u00b0 4 de Pinamar, que depende del departamento judicial de Dolores, detall\u00f3 el diario Cr\u00f3nica.<\/p>\n","protected":false},"excerpt":{"rendered":"<p>El macabro femicidio ocurri\u00f3 en la localidad bonaerense de Ostende, en el partido de Pinamar. La polic\u00eda detuvo al marido y al cu\u00f1ado de la v\u00edctima. La localidad bonaerense de Ostende, en el partido de Pinamar, se convirti\u00f3 en escenario de un escalofriante femicidio. Una mujer, de 39 a\u00f1os y nacionalidad boliviana, muri\u00f3 tras ser [&hellip;]<\/p>\n","protected":false},"author":40,"featured_media":242859,"comment_status":"open","ping_status":"open","sticky":false,"template":"","format":"standard","meta":{"_stopmodifiedupdate":false,"_modified_date":"","inline_featured_image":false,"spay_email":"","jetpack_publicize_message":""},"categories":[3],"tags":[],"jetpack_featured_media_url":"https:\/\/notinor.com\/jujuy\/wp-content\/uploads\/2020\/06\/femicidio.png","jetpack_publicize_connections":[],"_links":{"self":[{"href":"https:\/\/notinor.com\/jujuy\/wp-json\/wp\/v2\/posts\/242858"}],"collection":[{"href":"https:\/\/notinor.com\/jujuy\/wp-json\/wp\/v2\/posts"}],"about":[{"href":"https:\/\/notinor.com\/jujuy\/wp-json\/wp\/v2\/types\/post"}],"author":[{"embeddable":true,"href":"https:\/\/notinor.com\/jujuy\/wp-json\/wp\/v2\/users\/40"}],"replies":[{"embeddable":true,"href":"https:\/\/notinor.com\/jujuy\/wp-json\/wp\/v2\/comments?post=242858"}],"version-history":[{"count":1,"href":"https:\/\/notinor.com\/jujuy\/wp-json\/wp\/v2\/posts\/242858\/revisions"}],"predecessor-version":[{"id":242860,"href":"https:\/\/notinor.com\/jujuy\/wp-json\/wp\/v2\/posts\/242858\/revisions\/242860"}],"wp:featuredmedia":[{"embeddable":true,"href":"https:\/\/notinor.com\/jujuy\/wp-json\/wp\/v2\/media\/242859"}],"wp:attachment":[{"href":"https:\/\/notinor.com\/jujuy\/wp-json\/wp\/v2\/media?parent=242858"}],"wp:term":[{"taxonomy":"category","embeddable":true,"href":"https:\/\/notinor.com\/jujuy\/wp-json\/wp\/v2\/categories?post=242858"},{"taxonomy":"post_tag","embeddable":true,"href":"https:\/\/notinor.com\/jujuy\/wp-json\/wp\/v2\/tags?post=242858"}],"curies":[{"name":"wp","href":"https:\/\/api.w.org\/{rel}","templated":true}]}}