{"id":242395,"date":"2020-05-30T17:19:50","date_gmt":"2020-05-30T20:19:50","guid":{"rendered":"https:\/\/notinor.com\/jujuy\/?p=242395"},"modified":"2020-05-30T17:38:49","modified_gmt":"2020-05-30T20:38:49","slug":"coronavirus-en-jujuy-se-activo-el-protocolo-de-emergencia-en-calilegua-por-otro-camionero","status":"publish","type":"post","link":"https:\/\/notinor.com\/jujuy\/coronavirus-en-jujuy-se-activo-el-protocolo-de-emergencia-en-calilegua-por-otro-camionero\/","title":{"rendered":"Coronavirus en Jujuy: se activ\u00f3 el protocolo de emergencia en Calilegua por otro camionero"},"content":{"rendered":"\n<p>Fue trasladado al hospital de Campa\u00f1a de Ciudad Cultural.  <\/p>\n\n\n\n<p>Se activ\u00f3 nuevamente el protocolo de emergencia por un camionero de Calilegua que realizaba  viajes a Chile.  \u00c9l no present\u00f3 ning\u00fan s\u00edntoma pero s\u00ed su hija, por lo que se decidi\u00f3 hacerle el test.  <\/p>\n\n\n\n<p class=\"has-background has-vivid-cyan-blue-background-color\"> Daniel Bravo, medico infect\u00f3logo del Hospital Oscar Orias de Libertador inform\u00f3 que  se trata de un paciente que hace transporte desde Chile para Argentina, y que estuvo cumpliendo la reglamentaci\u00f3n de protecci\u00f3n en Chile, totalmente aislado sin contacto con gente de Chile. <\/p>\n\n\n\n<blockquote class=\"wp-block-quote is-style-large\"><p>\"Volvi\u00f3 de  Paso el Paso de Jama y en ese lugar permaneci\u00f3 5 D\u00edas de ah\u00ed vino a Jujuy, dej\u00f3 la carga y se traslado hasta el barrio papa Francisco guardando lo recaudos necesarios y las medidas de protecci\u00f3n que deben tener\", agreg\u00f3 el profesional. <\/p><\/blockquote>\n\n\n\n<figure class=\"wp-block-image size-large\"><img decoding=\"async\" loading=\"lazy\" width=\"940\" height=\"788\" src=\"https:\/\/i2.wp.com\/notinor.com\/jujuy\/wp-content\/uploads\/2020\/05\/urgente1.jpg?fit=573%2C480&amp;ssl=1\" alt=\"\" class=\"wp-image-242400\" srcset=\"https:\/\/notinor.com\/jujuy\/wp-content\/uploads\/2020\/05\/urgente1.jpg 940w, https:\/\/notinor.com\/jujuy\/wp-content\/uploads\/2020\/05\/urgente1-435x365.jpg 435w, https:\/\/notinor.com\/jujuy\/wp-content\/uploads\/2020\/05\/urgente1-573x480.jpg 573w, https:\/\/notinor.com\/jujuy\/wp-content\/uploads\/2020\/05\/urgente1-768x644.jpg 768w\" sizes=\"(max-width: 940px) 100vw, 940px\" \/><\/figure>\n\n\n\n<p>En las \u00faltimas horas fue trasladado al hospital de Campa\u00f1a de Ciudad Cultural y se le realizar\u00e1 un examen PCR para  certificar si contrajo o no el virus.  Adem\u00e1s esposa e hija permanecer\u00e1n  en aisladas y bajo control m\u00e9dico.<\/p>\n\n\n\n<figure class=\"wp-block-embed-youtube wp-block-embed is-type-video is-provider-youtube wp-embed-aspect-16-9 wp-has-aspect-ratio\"><div class=\"wp-block-embed__wrapper\">\n<div class=\"jeg_video_container jeg_video_content\"><iframe loading=\"lazy\" title=\"se activ\u00f3 el protocolo por coronavirus en calilegua\" width=\"500\" height=\"281\" src=\"https:\/\/www.youtube.com\/embed\/NKxl08ChGeI?feature=oembed\" frameborder=\"0\" allow=\"accelerometer; autoplay; encrypted-media; gyroscope; picture-in-picture\" allowfullscreen><\/iframe><\/div>\n<\/div><\/figure>\n\n\n\n<p> <\/p>\n\n\n\n<p>El caso no tiene vinculo con el ch\u00f3fer oriundo de Fraile Pintado  <\/p>\n\n\n\n<p> <\/p>\n\n\n\n<p><\/p>\n\n\n\n<p> <\/p>\n\n\n\n<p><\/p>\n","protected":false},"excerpt":{"rendered":"<p>Fue trasladado al hospital de Campa\u00f1a de Ciudad Cultural. Se activ\u00f3 nuevamente el protocolo de emergencia por un camionero de Calilegua que realizaba viajes a Chile. \u00c9l no present\u00f3 ning\u00fan s\u00edntoma pero s\u00ed su hija, por lo que se decidi\u00f3 hacerle el test. Daniel Bravo, medico infect\u00f3logo del Hospital Oscar Orias de Libertador inform\u00f3 que [&hellip;]<\/p>\n","protected":false},"author":1,"featured_media":242400,"comment_status":"open","ping_status":"open","sticky":false,"template":"","format":"standard","meta":{"_stopmodifiedupdate":false,"_modified_date":"","inline_featured_image":false,"spay_email":"","jetpack_publicize_message":"Fue trasladado al hospital de Campa\u00f1a de Ciudad Cultural.\n#jujuy #coronavirus"},"categories":[2],"tags":[],"jetpack_featured_media_url":"https:\/\/notinor.com\/jujuy\/wp-content\/uploads\/2020\/05\/urgente1.jpg","jetpack_publicize_connections":[],"_links":{"self":[{"href":"https:\/\/notinor.com\/jujuy\/wp-json\/wp\/v2\/posts\/242395"}],"collection":[{"href":"https:\/\/notinor.com\/jujuy\/wp-json\/wp\/v2\/posts"}],"about":[{"href":"https:\/\/notinor.com\/jujuy\/wp-json\/wp\/v2\/types\/post"}],"author":[{"embeddable":true,"href":"https:\/\/notinor.com\/jujuy\/wp-json\/wp\/v2\/users\/1"}],"replies":[{"embeddable":true,"href":"https:\/\/notinor.com\/jujuy\/wp-json\/wp\/v2\/comments?post=242395"}],"version-history":[{"count":4,"href":"https:\/\/notinor.com\/jujuy\/wp-json\/wp\/v2\/posts\/242395\/revisions"}],"predecessor-version":[{"id":242414,"href":"https:\/\/notinor.com\/jujuy\/wp-json\/wp\/v2\/posts\/242395\/revisions\/242414"}],"wp:featuredmedia":[{"embeddable":true,"href":"https:\/\/notinor.com\/jujuy\/wp-json\/wp\/v2\/media\/242400"}],"wp:attachment":[{"href":"https:\/\/notinor.com\/jujuy\/wp-json\/wp\/v2\/media?parent=242395"}],"wp:term":[{"taxonomy":"category","embeddable":true,"href":"https:\/\/notinor.com\/jujuy\/wp-json\/wp\/v2\/categories?post=242395"},{"taxonomy":"post_tag","embeddable":true,"href":"https:\/\/notinor.com\/jujuy\/wp-json\/wp\/v2\/tags?post=242395"}],"curies":[{"name":"wp","href":"https:\/\/api.w.org\/{rel}","templated":true}]}}