{"id":242390,"date":"2020-05-30T16:27:54","date_gmt":"2020-05-30T19:27:54","guid":{"rendered":"https:\/\/notinor.com\/jujuy\/?p=242390"},"modified":"2020-05-30T16:27:59","modified_gmt":"2020-05-30T19:27:59","slug":"el-particular-festejo-de-salzburgo-el-primer-campeon-post-coronavirus","status":"publish","type":"post","link":"https:\/\/notinor.com\/jujuy\/el-particular-festejo-de-salzburgo-el-primer-campeon-post-coronavirus\/","title":{"rendered":"El particular festejo de Salzburgo, el primer campe\u00f3n post coronavirus"},"content":{"rendered":"\n<p>El conjunto de Jesse Marsch gole\u00f3 5-0 en la final de la Copa Austria y levant\u00f3 el trofeo con una celebraci\u00f3n adaptada al distanciamiento social.<\/p>\n\n\n\n<figure class=\"wp-block-image size-large\"><img decoding=\"async\" loading=\"lazy\" width=\"862\" height=\"485\" src=\"https:\/\/i0.wp.com\/notinor.com\/jujuy\/wp-content\/uploads\/2020\/05\/salzburgo-el-primer-campeon-post-coronavirus-y-un-festejo-particulas_862x485-1.jpg?fit=840%2C473&amp;ssl=1\" alt=\"\" class=\"wp-image-242392\" srcset=\"https:\/\/notinor.com\/jujuy\/wp-content\/uploads\/2020\/05\/salzburgo-el-primer-campeon-post-coronavirus-y-un-festejo-particulas_862x485-1.jpg 862w, https:\/\/notinor.com\/jujuy\/wp-content\/uploads\/2020\/05\/salzburgo-el-primer-campeon-post-coronavirus-y-un-festejo-particulas_862x485-1-649x365.jpg 649w, https:\/\/notinor.com\/jujuy\/wp-content\/uploads\/2020\/05\/salzburgo-el-primer-campeon-post-coronavirus-y-un-festejo-particulas_862x485-1-840x473.jpg 840w, https:\/\/notinor.com\/jujuy\/wp-content\/uploads\/2020\/05\/salzburgo-el-primer-campeon-post-coronavirus-y-un-festejo-particulas_862x485-1-500x280.jpg 500w, https:\/\/notinor.com\/jujuy\/wp-content\/uploads\/2020\/05\/salzburgo-el-primer-campeon-post-coronavirus-y-un-festejo-particulas_862x485-1-768x432.jpg 768w\" sizes=\"(max-width: 862px) 100vw, 862px\" \/><\/figure>\n\n\n\n<p class=\"has-background has-vivid-cyan-blue-background-color\">El\u00a0viernes por la tarde, Salzburgo, exequipo de Erling Haaland, se consagr\u00f3 campe\u00f3n de la Copa de Austria y se convirti\u00f3 en el primer club en levantar un t\u00edtulo en la era post coronavirus. El conjunto dirigido por Jesse Marsch se impuso por un contundente 5-0 sobre Austria Lustenau con goles de Dominik Szoboszlai, Dominik Stumberger en contra, Noah Okafor, Majeed Ashimeru y S\u00e9kou Ko\u00efta. <\/p>\n\n\n\n<p> Lo m\u00e1s sorprendente lleg\u00f3 luego del encuentro. Al momento de la coronaci\u00f3n y de levantar el trofeo, se dispuso el distanciamiento social, por lo que cada jugador ten\u00eda un lugar asignado para festejar junto a sus compa\u00f1eros pero adaptados a los nuevos tiempos. <\/p>\n","protected":false},"excerpt":{"rendered":"<p>El conjunto de Jesse Marsch gole\u00f3 5-0 en la final de la Copa Austria y levant\u00f3 el trofeo con una celebraci\u00f3n adaptada al distanciamiento social. El\u00a0viernes por la tarde, Salzburgo, exequipo de Erling Haaland, se consagr\u00f3 campe\u00f3n de la Copa de Austria y se convirti\u00f3 en el primer club en levantar un t\u00edtulo en la [&hellip;]<\/p>\n","protected":false},"author":37,"featured_media":242391,"comment_status":"open","ping_status":"open","sticky":false,"template":"","format":"standard","meta":{"_stopmodifiedupdate":false,"_modified_date":"","inline_featured_image":false,"spay_email":"","jetpack_publicize_message":"El conjunto de Jesse Marsch gole\u00f3 5-0 en la final de la Copa Austria y levant\u00f3 el trofeo con una celebraci\u00f3n adaptada al distanciamiento social"},"categories":[7],"tags":[],"jetpack_featured_media_url":"https:\/\/notinor.com\/jujuy\/wp-content\/uploads\/2020\/05\/salzburgo-el-primer-campeon-post-coronavirus-y-un-festejo-particulas_862x485.jpg","jetpack_publicize_connections":[],"_links":{"self":[{"href":"https:\/\/notinor.com\/jujuy\/wp-json\/wp\/v2\/posts\/242390"}],"collection":[{"href":"https:\/\/notinor.com\/jujuy\/wp-json\/wp\/v2\/posts"}],"about":[{"href":"https:\/\/notinor.com\/jujuy\/wp-json\/wp\/v2\/types\/post"}],"author":[{"embeddable":true,"href":"https:\/\/notinor.com\/jujuy\/wp-json\/wp\/v2\/users\/37"}],"replies":[{"embeddable":true,"href":"https:\/\/notinor.com\/jujuy\/wp-json\/wp\/v2\/comments?post=242390"}],"version-history":[{"count":1,"href":"https:\/\/notinor.com\/jujuy\/wp-json\/wp\/v2\/posts\/242390\/revisions"}],"predecessor-version":[{"id":242393,"href":"https:\/\/notinor.com\/jujuy\/wp-json\/wp\/v2\/posts\/242390\/revisions\/242393"}],"wp:featuredmedia":[{"embeddable":true,"href":"https:\/\/notinor.com\/jujuy\/wp-json\/wp\/v2\/media\/242391"}],"wp:attachment":[{"href":"https:\/\/notinor.com\/jujuy\/wp-json\/wp\/v2\/media?parent=242390"}],"wp:term":[{"taxonomy":"category","embeddable":true,"href":"https:\/\/notinor.com\/jujuy\/wp-json\/wp\/v2\/categories?post=242390"},{"taxonomy":"post_tag","embeddable":true,"href":"https:\/\/notinor.com\/jujuy\/wp-json\/wp\/v2\/tags?post=242390"}],"curies":[{"name":"wp","href":"https:\/\/api.w.org\/{rel}","templated":true}]}}