{"id":242384,"date":"2020-05-30T16:20:59","date_gmt":"2020-05-30T19:20:59","guid":{"rendered":"https:\/\/notinor.com\/jujuy\/?p=242384"},"modified":"2020-05-30T16:21:04","modified_gmt":"2020-05-30T19:21:04","slug":"tabaco-se-busca-garantizar-una-buena-campana","status":"publish","type":"post","link":"https:\/\/notinor.com\/jujuy\/tabaco-se-busca-garantizar-una-buena-campana\/","title":{"rendered":"Tabaco: se busca garantizar una buena campa\u00f1a"},"content":{"rendered":"\n<p>Desde el ejecutivo provincial reforzar\u00e1n las acciones a fin de optimizar el trabajo entre el sector p\u00fablico y el privad.<\/p>\n\n\n\n<figure class=\"wp-block-image size-large\"><img decoding=\"async\" loading=\"lazy\" width=\"1024\" height=\"768\" src=\"https:\/\/i2.wp.com\/notinor.com\/jujuy\/wp-content\/uploads\/2020\/05\/WhatsApp-Image-2020-05-29-at-18.39.50-1024x768-1.jpeg?fit=640%2C480&amp;ssl=1\" alt=\"\" class=\"wp-image-242385\" srcset=\"https:\/\/notinor.com\/jujuy\/wp-content\/uploads\/2020\/05\/WhatsApp-Image-2020-05-29-at-18.39.50-1024x768-1.jpeg 1024w, https:\/\/notinor.com\/jujuy\/wp-content\/uploads\/2020\/05\/WhatsApp-Image-2020-05-29-at-18.39.50-1024x768-1-487x365.jpeg 487w, https:\/\/notinor.com\/jujuy\/wp-content\/uploads\/2020\/05\/WhatsApp-Image-2020-05-29-at-18.39.50-1024x768-1-640x480.jpeg 640w, https:\/\/notinor.com\/jujuy\/wp-content\/uploads\/2020\/05\/WhatsApp-Image-2020-05-29-at-18.39.50-1024x768-1-768x576.jpeg 768w\" sizes=\"(max-width: 1024px) 100vw, 1024px\" \/><\/figure>\n\n\n\n<p class=\"has-background has-vivid-cyan-blue-background-color\">El ministro de Desarrollo Econ\u00f3mico y Producci\u00f3n, Exequiel Lello Ivacevich, se reuni\u00f3 con miembros de la Unidad Coordinadora Provincial, a fin de analizar la situaci\u00f3n del sector y definir herramientas que permitan iniciar con una buena campa\u00f1a. <\/p>\n\n\n\n<p>Tras el encuentro, el ministro expres\u00f3 que en la oportunidad los productores plantearon algunas inquietudes que aquejan al sector, por lo que \u201cnos hemos puesto a disposici\u00f3n para trabajar en conjunto, entendiendo adem\u00e1s que necesitamos repensar algunas pol\u00edticas del sector que es uno de los que ha venido sufriendo mucho en los \u00faltimos a\u00f1os por los avatares econ\u00f3micos\u201d.<\/p>\n\n\n\n<p>En ese sentido, remarc\u00f3 que desde el ejecutivo provincial reforzar\u00e1n las acciones a fin de optimizar el trabajo entre el sector p\u00fablico y el privado, \u201ctratando de generar mesas de debate y buscar la mejor alternativa y soluci\u00f3n para todos los productores\u201d.<\/p>\n\n\n\n<p>\u201cTenemos que ser solidarios porque estamos atravesando un momento de crisis econ\u00f3mica a nivel mundial y es fundamental, sostener a los sectores m\u00e1s vulnerables\u201d, sostuvo Lello Ivacevich quien subray\u00f3 que el desaf\u00edo principal es garantizar el trabajo en la zona de las valles, y \u201cque no se nos caiga ning\u00fan productor\u201d.<\/p>\n\n\n\n<p>Asimismo, resalt\u00f3 que si bien es importante la participaci\u00f3n de la Cooperativa de Tabaco y la C\u00e1mara de Tabaco, es necesario escuchar las inquietudes y aportes de los productores de las distintas regiones. De esa manera \u201cla discusi\u00f3n y los programas operativos que surjan de ello, van a tener una mejor calidad y van a ser mejores para contener la situaci\u00f3n econ\u00f3mica del sector\u201d.<\/p>\n\n\n\n<p>Por su parte, Noelia Guevara, peque\u00f1a productora tabacalera, se\u00f1al\u00f3 que durante el encuentro tuvieron la posibilidad de tratar el tema de previsibilidad para iniciar la pr\u00f3xima campa\u00f1a. \u201cEste es uno de los temas que m\u00e1s nos preocupa en estos momentos porque la pandemia de coronavirus nos afect\u00f3 much\u00edsimo y necesitamos saber que vamos a poder mantener la actividad\u201d, enfatiz\u00f3 Guevara.<\/p>\n\n\n\n<p>A modo de cierre manifest\u00f3 su benepl\u00e1cito por el resultado de la reuni\u00f3n y afirm\u00f3 \u201cvamos a trabajar en conjunto para encontrar las mejores soluciones\u201d. Acompa\u00f1\u00f3 la reuni\u00f3n la secretaria de Desarrollo Productivo, Patricia R\u00edos.<\/p>\n","protected":false},"excerpt":{"rendered":"<p>Desde el ejecutivo provincial reforzar\u00e1n las acciones a fin de optimizar el trabajo entre el sector p\u00fablico y el privad. El ministro de Desarrollo Econ\u00f3mico y Producci\u00f3n, Exequiel Lello Ivacevich, se reuni\u00f3 con miembros de la Unidad Coordinadora Provincial, a fin de analizar la situaci\u00f3n del sector y definir herramientas que permitan iniciar con una [&hellip;]<\/p>\n","protected":false},"author":37,"featured_media":242385,"comment_status":"open","ping_status":"open","sticky":false,"template":"","format":"standard","meta":{"_stopmodifiedupdate":false,"_modified_date":"","inline_featured_image":false,"spay_email":"","jetpack_publicize_message":"Desde el ejecutivo provincial reforzar\u00e1n las acciones a fin de optimizar el trabajo entre el sector p\u00fablico y el privad"},"categories":[13],"tags":[],"jetpack_featured_media_url":"https:\/\/notinor.com\/jujuy\/wp-content\/uploads\/2020\/05\/WhatsApp-Image-2020-05-29-at-18.39.50-1024x768-1.jpeg","jetpack_publicize_connections":[],"_links":{"self":[{"href":"https:\/\/notinor.com\/jujuy\/wp-json\/wp\/v2\/posts\/242384"}],"collection":[{"href":"https:\/\/notinor.com\/jujuy\/wp-json\/wp\/v2\/posts"}],"about":[{"href":"https:\/\/notinor.com\/jujuy\/wp-json\/wp\/v2\/types\/post"}],"author":[{"embeddable":true,"href":"https:\/\/notinor.com\/jujuy\/wp-json\/wp\/v2\/users\/37"}],"replies":[{"embeddable":true,"href":"https:\/\/notinor.com\/jujuy\/wp-json\/wp\/v2\/comments?post=242384"}],"version-history":[{"count":1,"href":"https:\/\/notinor.com\/jujuy\/wp-json\/wp\/v2\/posts\/242384\/revisions"}],"predecessor-version":[{"id":242386,"href":"https:\/\/notinor.com\/jujuy\/wp-json\/wp\/v2\/posts\/242384\/revisions\/242386"}],"wp:featuredmedia":[{"embeddable":true,"href":"https:\/\/notinor.com\/jujuy\/wp-json\/wp\/v2\/media\/242385"}],"wp:attachment":[{"href":"https:\/\/notinor.com\/jujuy\/wp-json\/wp\/v2\/media?parent=242384"}],"wp:term":[{"taxonomy":"category","embeddable":true,"href":"https:\/\/notinor.com\/jujuy\/wp-json\/wp\/v2\/categories?post=242384"},{"taxonomy":"post_tag","embeddable":true,"href":"https:\/\/notinor.com\/jujuy\/wp-json\/wp\/v2\/tags?post=242384"}],"curies":[{"name":"wp","href":"https:\/\/api.w.org\/{rel}","templated":true}]}}