{"id":242376,"date":"2020-05-30T16:15:17","date_gmt":"2020-05-30T19:15:17","guid":{"rendered":"https:\/\/notinor.com\/jujuy\/?p=242376"},"modified":"2020-05-30T16:15:19","modified_gmt":"2020-05-30T19:15:19","slug":"horas-despues-de-dejar-de-fumar-se-recupera-el-gusto-y-el-olfato","status":"publish","type":"post","link":"https:\/\/notinor.com\/jujuy\/horas-despues-de-dejar-de-fumar-se-recupera-el-gusto-y-el-olfato\/","title":{"rendered":"Horas despu\u00e9s de dejar de fumar se recupera el gusto y el olfato"},"content":{"rendered":"\n<p> Seg\u00fan explic\u00f3 la Coordinadora de la Unidad de Cesaci\u00f3n Tab\u00e1quica del Hospital \u201cSan Roque\u201d, Ana Otero, el impacto positivo de dejar de fumar \u201ces incalculable\u201d <\/p>\n\n\n\n<figure class=\"wp-block-image size-large\"><img decoding=\"async\" loading=\"lazy\" width=\"1024\" height=\"576\" src=\"https:\/\/i2.wp.com\/notinor.com\/jujuy\/wp-content\/uploads\/2020\/05\/52f24b5d-5e4a-4df8-97b6-31b8849a6bc5-1024x576-1.jpg?fit=840%2C473&amp;ssl=1\" alt=\"\" class=\"wp-image-242377\" srcset=\"https:\/\/notinor.com\/jujuy\/wp-content\/uploads\/2020\/05\/52f24b5d-5e4a-4df8-97b6-31b8849a6bc5-1024x576-1.jpg 1024w, https:\/\/notinor.com\/jujuy\/wp-content\/uploads\/2020\/05\/52f24b5d-5e4a-4df8-97b6-31b8849a6bc5-1024x576-1-649x365.jpg 649w, https:\/\/notinor.com\/jujuy\/wp-content\/uploads\/2020\/05\/52f24b5d-5e4a-4df8-97b6-31b8849a6bc5-1024x576-1-840x473.jpg 840w, https:\/\/notinor.com\/jujuy\/wp-content\/uploads\/2020\/05\/52f24b5d-5e4a-4df8-97b6-31b8849a6bc5-1024x576-1-500x280.jpg 500w, https:\/\/notinor.com\/jujuy\/wp-content\/uploads\/2020\/05\/52f24b5d-5e4a-4df8-97b6-31b8849a6bc5-1024x576-1-768x432.jpg 768w\" sizes=\"(max-width: 1024px) 100vw, 1024px\" \/><\/figure>\n\n\n\n<p class=\"has-background has-vivid-cyan-blue-background-color\">Si bien el proceso de cesaci\u00f3n puede llevar mucho tiempo, incluso a\u00f1os, son numerosos los beneficios en la salud, algunos de ellos con repercusi\u00f3n casi inmediata en el organismo. Este 31 de mayo, en el D\u00eda Mundial Sin Tabaco, la cartera sanitaria recuerda el valor de cuidarnos y el lema de este 2020 que apunta especialmente a desalentar el consumo de cigarrillo entre los j\u00f3venes. <\/p>\n\n\n\n<p>Seg\u00fan explic\u00f3 la Coordinadora de la Unidad de Cesaci\u00f3n Tab\u00e1quica del Hospital \u201cSan Roque\u201d, Ana Otero, el impacto positivo de dejar de fumar \u201ces incalculable\u201d y por ello, \u201cel paciente fumador no se da cuenta al principio. Cuando una persona deja de fumar, a las horas inclusive, empieza a recuperar el gusto y el olfato. El tabaco hace que las papilas gustativas y olfativas est\u00e9n embotadas. Por eso, quienes fuman no pueden percibir perfumes o sabores\u201d.<\/p>\n\n\n\n<p>Adem\u00e1s, \u201ca los pocos d\u00edas, empieza a disminuir su presi\u00f3n arterial, su frecuencia card\u00edaca y pasados algunos meses, se puede recuperar hasta un 30% de la capacidad funcional respiratoria. Despu\u00e9s de unos a\u00f1os, las personas que han dejado de fumar, se igualan a las personas no fumadoras en el riesgo de padecer infarto de miocardio o Accidente Cerebro Vascular (ACV)\u201d.<\/p>\n\n\n\n<p>En el mismo sentido, Otero remarc\u00f3 que \u201calrededor de los 10 o 15 a\u00f1os sin tabaco, los pacientes se empiezan a igualar en el riesgo de padecer c\u00e1ncer de vejiga, de es\u00f3fago, todas las enfermedades neopl\u00e1sicas que est\u00e1n asociadas con el tabaquismo. Recuperan la visi\u00f3n, la capacidad de hacer ejercicio, de dormir. Tambi\u00e9n la capacidad de tener hijos porque el fumar altera esta posibilidad provocando partos prematuros o abortos espont\u00e1neos\u201d.<\/p>\n\n\n\n<p>Respecto a las etapas que se atraviesan en un proceso de cesaci\u00f3n tab\u00e1quica, la especialista indic\u00f3 que \u201cse comienza con la etapa de precontemplaci\u00f3n, cuando se entiende que se podr\u00eda dejar de fumar, pero no existe ning\u00fan inter\u00e9s en hacerlo porque gusta, porque la persona se siente bien, porque no presenta dificultades en la salud y puede encontrarse a\u00f1os en esa situaci\u00f3n. Luego, contin\u00faa la contemplaci\u00f3n, cuando el paciente realmente siente que tiene un problema, que deber\u00eda dejar de fumar pero no puede hacerlo y es un momento en el que puede persistir tambi\u00e9n por a\u00f1os hasta tomar la decisi\u00f3n\u201d.<\/p>\n\n\n\n<p>\u201cPasados estos periodos, llega el de acci\u00f3n, es decir el intento serio por dejar de fumar, cuando la persona se decide finalmente. Aqu\u00ed, en nuestro caso por ejemplo, llega a la Unidad y comienza con una etapa que dura aproximadamente 6 meses; despu\u00e9s, deber\u00e1 avanzar al mantenimiento, un espacio muy dif\u00edcil donde puede llegar una abstinencia tard\u00eda y que se extiende por un a\u00f1o. Finalmente, algunos pacientes podr\u00e1n efectivamente ser exfumadores, sin recuerdos ni deseos de tabaco o permanecer en mantenimiento\u201d, concluy\u00f3 Otero.<br><\/p>\n","protected":false},"excerpt":{"rendered":"<p>Seg\u00fan explic\u00f3 la Coordinadora de la Unidad de Cesaci\u00f3n Tab\u00e1quica del Hospital \u201cSan Roque\u201d, Ana Otero, el impacto positivo de dejar de fumar \u201ces incalculable\u201d Si bien el proceso de cesaci\u00f3n puede llevar mucho tiempo, incluso a\u00f1os, son numerosos los beneficios en la salud, algunos de ellos con repercusi\u00f3n casi inmediata en el organismo. Este [&hellip;]<\/p>\n","protected":false},"author":37,"featured_media":242377,"comment_status":"open","ping_status":"open","sticky":false,"template":"","format":"standard","meta":{"_stopmodifiedupdate":false,"_modified_date":"","inline_featured_image":false,"spay_email":"","jetpack_publicize_message":"Seg\u00fan explic\u00f3 la Coordinadora de la Unidad de Cesaci\u00f3n Tab\u00e1quica del Hospital \u201cSan Roque\u201d, Ana Otero, el impacto positivo de dejar de fumar \u201ces incalculable\u201d"},"categories":[13],"tags":[],"jetpack_featured_media_url":"https:\/\/notinor.com\/jujuy\/wp-content\/uploads\/2020\/05\/52f24b5d-5e4a-4df8-97b6-31b8849a6bc5-1024x576-1.jpg","jetpack_publicize_connections":[],"_links":{"self":[{"href":"https:\/\/notinor.com\/jujuy\/wp-json\/wp\/v2\/posts\/242376"}],"collection":[{"href":"https:\/\/notinor.com\/jujuy\/wp-json\/wp\/v2\/posts"}],"about":[{"href":"https:\/\/notinor.com\/jujuy\/wp-json\/wp\/v2\/types\/post"}],"author":[{"embeddable":true,"href":"https:\/\/notinor.com\/jujuy\/wp-json\/wp\/v2\/users\/37"}],"replies":[{"embeddable":true,"href":"https:\/\/notinor.com\/jujuy\/wp-json\/wp\/v2\/comments?post=242376"}],"version-history":[{"count":1,"href":"https:\/\/notinor.com\/jujuy\/wp-json\/wp\/v2\/posts\/242376\/revisions"}],"predecessor-version":[{"id":242379,"href":"https:\/\/notinor.com\/jujuy\/wp-json\/wp\/v2\/posts\/242376\/revisions\/242379"}],"wp:featuredmedia":[{"embeddable":true,"href":"https:\/\/notinor.com\/jujuy\/wp-json\/wp\/v2\/media\/242377"}],"wp:attachment":[{"href":"https:\/\/notinor.com\/jujuy\/wp-json\/wp\/v2\/media?parent=242376"}],"wp:term":[{"taxonomy":"category","embeddable":true,"href":"https:\/\/notinor.com\/jujuy\/wp-json\/wp\/v2\/categories?post=242376"},{"taxonomy":"post_tag","embeddable":true,"href":"https:\/\/notinor.com\/jujuy\/wp-json\/wp\/v2\/tags?post=242376"}],"curies":[{"name":"wp","href":"https:\/\/api.w.org\/{rel}","templated":true}]}}