{"id":242365,"date":"2020-05-30T16:09:09","date_gmt":"2020-05-30T19:09:09","guid":{"rendered":"https:\/\/notinor.com\/jujuy\/?p=242365"},"modified":"2020-05-30T16:09:15","modified_gmt":"2020-05-30T19:09:15","slug":"asi-se-encuentra-la-situacion-epidemiologica-en-jujuy-al-dia-de-la-fecha","status":"publish","type":"post","link":"https:\/\/notinor.com\/jujuy\/asi-se-encuentra-la-situacion-epidemiologica-en-jujuy-al-dia-de-la-fecha\/","title":{"rendered":"As\u00ed se encuentra la situaci\u00f3n epidemiol\u00f3gica en Jujuy al d\u00eda de la fecha"},"content":{"rendered":"\n<p>Se inform\u00f3 que desde el inicio se evaluaron 261 casos, de los cuales se descartaron 255. <\/p>\n\n\n\n<figure class=\"wp-block-image size-large\"><img decoding=\"async\" loading=\"lazy\" width=\"643\" height=\"362\" src=\"https:\/\/notinor.com\/jujuy\/wp-content\/uploads\/2020\/05\/trabajador-laboratorio-trabaja-hallar-coronavirus_EDIIMA20200429_1130_20.jpg\" alt=\"\" class=\"wp-image-242369\" srcset=\"https:\/\/notinor.com\/jujuy\/wp-content\/uploads\/2020\/05\/trabajador-laboratorio-trabaja-hallar-coronavirus_EDIIMA20200429_1130_20.jpg 643w, https:\/\/notinor.com\/jujuy\/wp-content\/uploads\/2020\/05\/trabajador-laboratorio-trabaja-hallar-coronavirus_EDIIMA20200429_1130_20-500x280.jpg 500w\" sizes=\"(max-width: 643px) 100vw, 643px\" \/><\/figure>\n\n\n\n<p class=\"has-background has-vivid-cyan-blue-background-color\">El Gobierno de la Provincia, a trav\u00e9s del Comit\u00e9 Operativo de Emergencia (COE), brind\u00f3 un nuevo informe con las \u00faltimas acciones desarrolladas en conjunto entre diversos organismos provinciales en el marco de la emergencia originada por el COVID-19. <\/p>\n\n\n\n<p>Adem\u00e1s, se indic\u00f3 que no existen casos sospechosos a la fecha. Se recuerda que se considera como tal a toda persona que presente fiebre, tos o dificultad respiratoria, y que en los \u00faltimos 14 d\u00edas haya venido de cualquier otra provincia o pa\u00eds con esa enfermedad.<\/p>\n\n\n\n<p>Asimismo, desde el COE se indic\u00f3 que se presentaron en la provincia 6 casos positivos y de los cuales, se recuperaron 5. Se record\u00f3 que de los 6 existe un caso confirmado proveniente de Per\u00fa que se encontraba de paso por la provincia.<\/p>\n\n\n\n<p>Se encuentran en vigilancia epidemiol\u00f3gica unas 2.185 personas asintom\u00e1ticas de la enfermedad. Y finalizaron el periodo de aislamiento unas 4.510 personas.<\/p>\n\n\n\n<p>Asimismo, se recomend\u00f3 que si se tiene s\u00edntomas respiratorios con sospecha o no de coronavirus, o si se tiene otra patolog\u00eda, se realice la consulta virtual a\u00a0<a href=\"http:\/\/www.salud.jujuy.gob.ar\/\">www.salud.jujuy.gob.ar<\/a>\u00a0, o consulta telef\u00f3nica a los n\u00fameros 0800-888-4767 o al 0800-777-7711.\u00a0\u00a0\u00a0<\/p>\n\n\n\n<figure class=\"wp-block-image\"><img decoding=\"async\" src=\"http:\/\/prensa.jujuy.gob.ar\/wp-content\/uploads\/sites\/37\/2020\/05\/WhatsApp-Image-2020-05-29-at-6.30.36-PM-1024x1024.jpeg\" alt=\"\"\/><\/figure>\n","protected":false},"excerpt":{"rendered":"<p>Se inform\u00f3 que desde el inicio se evaluaron 261 casos, de los cuales se descartaron 255. El Gobierno de la Provincia, a trav\u00e9s del Comit\u00e9 Operativo de Emergencia (COE), brind\u00f3 un nuevo informe con las \u00faltimas acciones desarrolladas en conjunto entre diversos organismos provinciales en el marco de la emergencia originada por el COVID-19. Adem\u00e1s, [&hellip;]<\/p>\n","protected":false},"author":37,"featured_media":242369,"comment_status":"open","ping_status":"open","sticky":false,"template":"","format":"standard","meta":{"_stopmodifiedupdate":false,"_modified_date":"","inline_featured_image":false,"spay_email":"","jetpack_publicize_message":"Se inform\u00f3 que desde el inicio se evaluaron 261 casos, de los cuales se descartaron 255. "},"categories":[2],"tags":[],"jetpack_featured_media_url":"https:\/\/notinor.com\/jujuy\/wp-content\/uploads\/2020\/05\/trabajador-laboratorio-trabaja-hallar-coronavirus_EDIIMA20200429_1130_20.jpg","jetpack_publicize_connections":[],"_links":{"self":[{"href":"https:\/\/notinor.com\/jujuy\/wp-json\/wp\/v2\/posts\/242365"}],"collection":[{"href":"https:\/\/notinor.com\/jujuy\/wp-json\/wp\/v2\/posts"}],"about":[{"href":"https:\/\/notinor.com\/jujuy\/wp-json\/wp\/v2\/types\/post"}],"author":[{"embeddable":true,"href":"https:\/\/notinor.com\/jujuy\/wp-json\/wp\/v2\/users\/37"}],"replies":[{"embeddable":true,"href":"https:\/\/notinor.com\/jujuy\/wp-json\/wp\/v2\/comments?post=242365"}],"version-history":[{"count":1,"href":"https:\/\/notinor.com\/jujuy\/wp-json\/wp\/v2\/posts\/242365\/revisions"}],"predecessor-version":[{"id":242370,"href":"https:\/\/notinor.com\/jujuy\/wp-json\/wp\/v2\/posts\/242365\/revisions\/242370"}],"wp:featuredmedia":[{"embeddable":true,"href":"https:\/\/notinor.com\/jujuy\/wp-json\/wp\/v2\/media\/242369"}],"wp:attachment":[{"href":"https:\/\/notinor.com\/jujuy\/wp-json\/wp\/v2\/media?parent=242365"}],"wp:term":[{"taxonomy":"category","embeddable":true,"href":"https:\/\/notinor.com\/jujuy\/wp-json\/wp\/v2\/categories?post=242365"},{"taxonomy":"post_tag","embeddable":true,"href":"https:\/\/notinor.com\/jujuy\/wp-json\/wp\/v2\/tags?post=242365"}],"curies":[{"name":"wp","href":"https:\/\/api.w.org\/{rel}","templated":true}]}}