{"id":242343,"date":"2020-05-30T15:34:25","date_gmt":"2020-05-30T18:34:25","guid":{"rendered":"https:\/\/notinor.com\/jujuy\/?p=242343"},"modified":"2020-05-30T15:34:31","modified_gmt":"2020-05-30T18:34:31","slug":"maria-servini-el-gobierno-tiene-que-poner-fin-al-espionaje-ilegal","status":"publish","type":"post","link":"https:\/\/notinor.com\/jujuy\/maria-servini-el-gobierno-tiene-que-poner-fin-al-espionaje-ilegal\/","title":{"rendered":"Mar\u00eda Servini: \"El Gobierno tiene que poner fin al espionaje ilegal\""},"content":{"rendered":"\n<p>Mientras a\u00fan se resienten los coletazos de la denuncia por espionaje ilegal de la intervetora de la Agencia Federal de Inteligencia (AFI) Cristina Caama\u00f1o, que deriv\u00f3 en la imputaci\u00f3n del ex presidente Mauricio Macri la jueza federal con competencia electoral Mar\u00eda Servini asegur\u00f3 que \"el espionaje no es un problema de ahora sino que ya exist\u00eda\". <\/p>\n\n\n\n<figure class=\"wp-block-image size-large\"><img decoding=\"async\" loading=\"lazy\" width=\"929\" height=\"456\" src=\"https:\/\/i0.wp.com\/notinor.com\/jujuy\/wp-content\/uploads\/2020\/05\/servini.jpg?fit=840%2C412&amp;ssl=1\" alt=\"\" class=\"wp-image-242344\" srcset=\"https:\/\/notinor.com\/jujuy\/wp-content\/uploads\/2020\/05\/servini.jpg 929w, https:\/\/notinor.com\/jujuy\/wp-content\/uploads\/2020\/05\/servini-660x324.jpg 660w, https:\/\/notinor.com\/jujuy\/wp-content\/uploads\/2020\/05\/servini-840x412.jpg 840w, https:\/\/notinor.com\/jujuy\/wp-content\/uploads\/2020\/05\/servini-768x377.jpg 768w\" sizes=\"(max-width: 929px) 100vw, 929px\" \/><\/figure>\n\n\n\n<p>\"El gobierno tiene que ponerle fin al espionaje ilegal\u201d, enfatiz\u00f3 la magistrada este s\u00e1bado en di\u00e1logo con la radio AM 750, y precis\u00f3 que \"el espionaje no es un problema de ahora sino que siempre existi\u00f3\".<\/p>\n\n\n\n<p>\u201dYo he tenido puesto un micr\u00f3fono en mi tel\u00e9fono en los a\u00f1os 90\u201d, revel\u00f3 Servini.<\/p>\n\n\n\n<p>\"Varias veces. Me he cuidado siempre de hablar por tel\u00e9fono porque uno siempre se imagin\u00f3 que era escuchada, entonces por eso me acostumbr\u00e9 a no hablar nada que fuera trascendente\", indic\u00f3 la magistrada.  <\/p>\n\n\n\n<p>En el mismo sentio, la jueza electorial sostuvo que el Gobierno \"debe reestructurar\" el servicio de inteligencia para que no vuelvan a ocurrir \"pr\u00e1cticas ilegales\".<\/p>\n\n\n\n<p>\u201cEso no quiere decir que desaparezca el servicio de inteligencia porque el Estado lo necesita. Hay que reestructurar el servicio de inteligencia como bien ha hecho el gobierno ahora que puso a Cristina Caama\u00f1o como interventora\u201d detall\u00f3 Servini.<\/p>\n\n\n\n<p>En tanto, la causa por escuchas sigue su curso bajo la investigaci\u00f3n del fiscal federal Jorge Di Lello, quien dio lugar a la denuncia presentada por la actual titular de la Agencia Federal de Inteligencia, tras el hallazgo de un disco r\u00edgido con supuesta evidencia del espionaje a correos electr\u00f3nicos.<\/p>\n\n\n\n<p>Entre los 85 afectados se encuentran exfuncionarios del propio gobierno de Mauricio Macri, dirigentes opositores, periodistas e integrantes de fuerzas de seguridad.<\/p>\n","protected":false},"excerpt":{"rendered":"<p>Mientras a\u00fan se resienten los coletazos de la denuncia por espionaje ilegal de la intervetora de la Agencia Federal de Inteligencia (AFI) Cristina Caama\u00f1o, que deriv\u00f3 en la imputaci\u00f3n del ex presidente Mauricio Macri la jueza federal con competencia electoral Mar\u00eda Servini asegur\u00f3 que \"el espionaje no es un problema de ahora sino que ya [&hellip;]<\/p>\n","protected":false},"author":1,"featured_media":242344,"comment_status":"open","ping_status":"open","sticky":false,"template":"","format":"standard","meta":{"_stopmodifiedupdate":false,"_modified_date":"","inline_featured_image":false,"spay_email":"","jetpack_publicize_message":"\u201dYo he tenido puesto un micr\u00f3fono en mi tel\u00e9fono en los a\u00f1os 90\u201d, revel\u00f3 la jueza federal. "},"categories":[5,501],"tags":[],"jetpack_featured_media_url":"https:\/\/notinor.com\/jujuy\/wp-content\/uploads\/2020\/05\/servini.jpg","jetpack_publicize_connections":[],"_links":{"self":[{"href":"https:\/\/notinor.com\/jujuy\/wp-json\/wp\/v2\/posts\/242343"}],"collection":[{"href":"https:\/\/notinor.com\/jujuy\/wp-json\/wp\/v2\/posts"}],"about":[{"href":"https:\/\/notinor.com\/jujuy\/wp-json\/wp\/v2\/types\/post"}],"author":[{"embeddable":true,"href":"https:\/\/notinor.com\/jujuy\/wp-json\/wp\/v2\/users\/1"}],"replies":[{"embeddable":true,"href":"https:\/\/notinor.com\/jujuy\/wp-json\/wp\/v2\/comments?post=242343"}],"version-history":[{"count":1,"href":"https:\/\/notinor.com\/jujuy\/wp-json\/wp\/v2\/posts\/242343\/revisions"}],"predecessor-version":[{"id":242345,"href":"https:\/\/notinor.com\/jujuy\/wp-json\/wp\/v2\/posts\/242343\/revisions\/242345"}],"wp:featuredmedia":[{"embeddable":true,"href":"https:\/\/notinor.com\/jujuy\/wp-json\/wp\/v2\/media\/242344"}],"wp:attachment":[{"href":"https:\/\/notinor.com\/jujuy\/wp-json\/wp\/v2\/media?parent=242343"}],"wp:term":[{"taxonomy":"category","embeddable":true,"href":"https:\/\/notinor.com\/jujuy\/wp-json\/wp\/v2\/categories?post=242343"},{"taxonomy":"post_tag","embeddable":true,"href":"https:\/\/notinor.com\/jujuy\/wp-json\/wp\/v2\/tags?post=242343"}],"curies":[{"name":"wp","href":"https:\/\/api.w.org\/{rel}","templated":true}]}}