{"id":242306,"date":"2020-05-30T08:39:13","date_gmt":"2020-05-30T11:39:13","guid":{"rendered":"https:\/\/notinor.com\/jujuy\/?p=242306"},"modified":"2020-05-30T08:39:14","modified_gmt":"2020-05-30T11:39:14","slug":"extienden-hasta-el-30-de-junio-el-plazo-para-tramitar-los-creditos-a-tasa-cero","status":"publish","type":"post","link":"https:\/\/notinor.com\/jujuy\/extienden-hasta-el-30-de-junio-el-plazo-para-tramitar-los-creditos-a-tasa-cero\/","title":{"rendered":"Extienden hasta el 30 de junio el plazo para tramitar los Cr\u00e9ditos a Tasa Cero"},"content":{"rendered":"\n<p><br><\/p>\n\n\n\n<p>La Administraci\u00f3n Federal de Ingresos P\u00fablicos (AFIP) prorrog\u00f3 hasta el 30 de junio el plazo para que monotributistas y aut\u00f3nomos tramiten los Cr\u00e9ditos a Tasa Cero y extendi\u00f3 este beneficio a los aut\u00f3nomos de cajas provinciales, beneficio al que ya accedieron m\u00e1s de 220.000 personas.<\/p>\n\n\n\n<p>La prolongaci\u00f3n de los plazos \u201cbusca garantizar la efectiva tramitaci\u00f3n de aproximadamente 1 mill\u00f3n de cr\u00e9ditos que todav\u00eda est\u00e1n disponibles para todos los contribuyentes que cumplen con los criterios de elegibilidad\u201d, destac\u00f3 hoy la AFIP a trav\u00e9s de un comunicado de prensa.<\/p>\n","protected":false},"excerpt":{"rendered":"<p>La Administraci\u00f3n Federal de Ingresos P\u00fablicos (AFIP) prorrog\u00f3 hasta el 30 de junio el plazo para que monotributistas y aut\u00f3nomos tramiten los Cr\u00e9ditos a Tasa Cero y extendi\u00f3 este beneficio a los aut\u00f3nomos de cajas provinciales, beneficio al que ya accedieron m\u00e1s de 220.000 personas. La prolongaci\u00f3n de los plazos \u201cbusca garantizar la efectiva tramitaci\u00f3n [&hellip;]<\/p>\n","protected":false},"author":1,"featured_media":242308,"comment_status":"closed","ping_status":"closed","sticky":false,"template":"","format":"standard","meta":{"_stopmodifiedupdate":false,"_modified_date":"","inline_featured_image":false,"spay_email":"","jetpack_publicize_message":" La Afip prolong\u00f3 el plazo para que monotributistas y aut\u00f3nomos puedan acceder a los cr\u00e9ditos a tasa 0%. "},"categories":[676],"tags":[],"jetpack_featured_media_url":"https:\/\/notinor.com\/jujuy\/wp-content\/uploads\/2020\/05\/495189.jpg","jetpack_publicize_connections":[],"_links":{"self":[{"href":"https:\/\/notinor.com\/jujuy\/wp-json\/wp\/v2\/posts\/242306"}],"collection":[{"href":"https:\/\/notinor.com\/jujuy\/wp-json\/wp\/v2\/posts"}],"about":[{"href":"https:\/\/notinor.com\/jujuy\/wp-json\/wp\/v2\/types\/post"}],"author":[{"embeddable":true,"href":"https:\/\/notinor.com\/jujuy\/wp-json\/wp\/v2\/users\/1"}],"replies":[{"embeddable":true,"href":"https:\/\/notinor.com\/jujuy\/wp-json\/wp\/v2\/comments?post=242306"}],"version-history":[{"count":2,"href":"https:\/\/notinor.com\/jujuy\/wp-json\/wp\/v2\/posts\/242306\/revisions"}],"predecessor-version":[{"id":242309,"href":"https:\/\/notinor.com\/jujuy\/wp-json\/wp\/v2\/posts\/242306\/revisions\/242309"}],"wp:featuredmedia":[{"embeddable":true,"href":"https:\/\/notinor.com\/jujuy\/wp-json\/wp\/v2\/media\/242308"}],"wp:attachment":[{"href":"https:\/\/notinor.com\/jujuy\/wp-json\/wp\/v2\/media?parent=242306"}],"wp:term":[{"taxonomy":"category","embeddable":true,"href":"https:\/\/notinor.com\/jujuy\/wp-json\/wp\/v2\/categories?post=242306"},{"taxonomy":"post_tag","embeddable":true,"href":"https:\/\/notinor.com\/jujuy\/wp-json\/wp\/v2\/tags?post=242306"}],"curies":[{"name":"wp","href":"https:\/\/api.w.org\/{rel}","templated":true}]}}