{"id":2423,"date":"2014-10-25T12:28:23","date_gmt":"2014-10-25T12:28:23","guid":{"rendered":"http:\/\/notinor.com\/jujuy\/?p=2423"},"modified":"2014-10-25T12:28:23","modified_gmt":"2014-10-25T12:28:23","slug":"camacho-carmen-q-e-p-d","status":"publish","type":"post","link":"https:\/\/notinor.com\/jujuy\/camacho-carmen-q-e-p-d\/","title":{"rendered":"CAMACHO, Carmen (Q.E.P.D.)"},"content":{"rendered":"<p>Falleci\u00f3 el 24 de Octubre de 2014 a hs. 14:40. C.A.S.R. y B.P. a la edad de 90 a\u00f1os. Sus hijos esteban y Olga Camacho, sus hijos pol\u00edticos Gladis Bauza y Ren\u00e9 Ruiz, sus hermanos Felipe y Lupe Moreno, sus nietos Mar\u00eda del Carmen, Anah\u00ed, Juan, Adriana, Ver\u00f3nica, Roy, M\u00f3nica, Alberto, Leonardo y dem\u00e1s familiares invitan a sus amistades y personas piadosas acompa\u00f1ar sus restos mortales hoy 25 de octubre \u00a0a hs 18:00 al Cementerio Virgen de Paypaya \u00a0FAE. Casa de Duelo O\u00b4Higgins - Palpal\u00e1- Servicio Empresa Iriarte: San Martin 233. Tel\/Fax 0388-4222479. Sepelios. Cremaciones Atenci\u00f3n las 24Hs.<\/p>\n","protected":false},"excerpt":{"rendered":"<p>Falleci\u00f3 el 24 de Octubre de 2014 a hs. 14:40. C.A.S.R. y B.P. a la edad de 90 a\u00f1os. Sus hijos esteban y Olga Camacho, sus hijos pol\u00edticos Gladis Bauza y Ren\u00e9 Ruiz, sus hermanos Felipe y Lupe Moreno, sus nietos Mar\u00eda del Carmen, Anah\u00ed, Juan, Adriana, Ver\u00f3nica, Roy, M\u00f3nica, Alberto, Leonardo y dem\u00e1s familiares [&hellip;]<\/p>\n","protected":false},"author":5,"featured_media":0,"comment_status":"open","ping_status":"open","sticky":false,"template":"","format":"standard","meta":{"_stopmodifiedupdate":false,"_modified_date":"","inline_featured_image":false,"spay_email":"","jetpack_publicize_message":""},"categories":[18],"tags":[],"jetpack_featured_media_url":"","jetpack_publicize_connections":[],"_links":{"self":[{"href":"https:\/\/notinor.com\/jujuy\/wp-json\/wp\/v2\/posts\/2423"}],"collection":[{"href":"https:\/\/notinor.com\/jujuy\/wp-json\/wp\/v2\/posts"}],"about":[{"href":"https:\/\/notinor.com\/jujuy\/wp-json\/wp\/v2\/types\/post"}],"author":[{"embeddable":true,"href":"https:\/\/notinor.com\/jujuy\/wp-json\/wp\/v2\/users\/5"}],"replies":[{"embeddable":true,"href":"https:\/\/notinor.com\/jujuy\/wp-json\/wp\/v2\/comments?post=2423"}],"version-history":[{"count":1,"href":"https:\/\/notinor.com\/jujuy\/wp-json\/wp\/v2\/posts\/2423\/revisions"}],"predecessor-version":[{"id":2424,"href":"https:\/\/notinor.com\/jujuy\/wp-json\/wp\/v2\/posts\/2423\/revisions\/2424"}],"wp:attachment":[{"href":"https:\/\/notinor.com\/jujuy\/wp-json\/wp\/v2\/media?parent=2423"}],"wp:term":[{"taxonomy":"category","embeddable":true,"href":"https:\/\/notinor.com\/jujuy\/wp-json\/wp\/v2\/categories?post=2423"},{"taxonomy":"post_tag","embeddable":true,"href":"https:\/\/notinor.com\/jujuy\/wp-json\/wp\/v2\/tags?post=2423"}],"curies":[{"name":"wp","href":"https:\/\/api.w.org\/{rel}","templated":true}]}}