{"id":242286,"date":"2020-05-29T23:13:10","date_gmt":"2020-05-30T02:13:10","guid":{"rendered":"https:\/\/notinor.com\/jujuy\/?p=242286"},"modified":"2020-05-29T23:13:14","modified_gmt":"2020-05-30T02:13:14","slug":"les-cobraran-un-impuesto-a-los-vecinos-de-abra-pampa-que-tienen-mas-de-dos-perros","status":"publish","type":"post","link":"https:\/\/notinor.com\/jujuy\/les-cobraran-un-impuesto-a-los-vecinos-de-abra-pampa-que-tienen-mas-de-dos-perros\/","title":{"rendered":"Les cobrar\u00e1n un impuesto a los vecinos de Abra Pampa que tienen m\u00e1s de dos perros"},"content":{"rendered":"\n<p> La medida busca evitar los constantes ataques al ganado. <\/p>\n\n\n\n<figure class=\"wp-block-image\"><img decoding=\"async\" src=\"https:\/\/somosjujuy-wordpress.s3.amazonaws.com\/wp-content\/uploads\/2020\/05\/29142952\/perros-alusiva.jpg\" alt=\"\"\/><\/figure>\n\n\n\n<p><strong>El Concejo Deliberante de Abra Pampa sancion\u00f3 una ordenanza a partir de la cual se grava con un impuesto anual la tenencia de m\u00e1s de dos perros<\/strong>. La normativa tiene la finalidad de regular la tenencia responsable de mascotas y evitar los constantes ataques al ganado de la zona.<\/p>\n\n\n\n<p>\u00abLo que se busca es ahondar en la tenencia responsable, en Abra Pampa tenemos la novedad diaria de ataques de perros a ganado\u00bb, expres\u00f3 el presidente del \u00f3rgano legislativo de la ciudad pune\u00f1a,\u00a0Juan Carlos Aparicio.<\/p>\n\n\n\n<p>El edil explic\u00f3 que la ordenanza establece una \u00abcarga tributaria por tener m\u00e1s de dos canes\u00bb. En cuanto al esp\u00edritu de la medida, consider\u00f3 que si bien las mascotas son miembros indispensables en los hogares, \u00abhay familias que tienen m\u00e1s de 2 con la gravedad de que no los pueden atender\u00bb.<\/p>\n\n\n\n<p>En ese sentido, el titular del Concejo Deliberante relat\u00f3 que&nbsp;<strong>en numerosas ocasiones los animales forman jaur\u00edas callejeras y&nbsp;atacan al ganado ovino o cam\u00e9lido, generando un da\u00f1o irreparable para los productores de la zona.<\/strong><\/p>\n","protected":false},"excerpt":{"rendered":"<p>La medida busca evitar los constantes ataques al ganado. El Concejo Deliberante de Abra Pampa sancion\u00f3 una ordenanza a partir de la cual se grava con un impuesto anual la tenencia de m\u00e1s de dos perros. La normativa tiene la finalidad de regular la tenencia responsable de mascotas y evitar los constantes ataques al ganado [&hellip;]<\/p>\n","protected":false},"author":40,"featured_media":242288,"comment_status":"open","ping_status":"open","sticky":false,"template":"","format":"standard","meta":{"_stopmodifiedupdate":false,"_modified_date":"","inline_featured_image":false,"spay_email":"","jetpack_publicize_message":""},"categories":[4,13],"tags":[],"jetpack_featured_media_url":"https:\/\/notinor.com\/jujuy\/wp-content\/uploads\/2020\/05\/perros-alusiva.jpg","jetpack_publicize_connections":[],"_links":{"self":[{"href":"https:\/\/notinor.com\/jujuy\/wp-json\/wp\/v2\/posts\/242286"}],"collection":[{"href":"https:\/\/notinor.com\/jujuy\/wp-json\/wp\/v2\/posts"}],"about":[{"href":"https:\/\/notinor.com\/jujuy\/wp-json\/wp\/v2\/types\/post"}],"author":[{"embeddable":true,"href":"https:\/\/notinor.com\/jujuy\/wp-json\/wp\/v2\/users\/40"}],"replies":[{"embeddable":true,"href":"https:\/\/notinor.com\/jujuy\/wp-json\/wp\/v2\/comments?post=242286"}],"version-history":[{"count":1,"href":"https:\/\/notinor.com\/jujuy\/wp-json\/wp\/v2\/posts\/242286\/revisions"}],"predecessor-version":[{"id":242289,"href":"https:\/\/notinor.com\/jujuy\/wp-json\/wp\/v2\/posts\/242286\/revisions\/242289"}],"wp:featuredmedia":[{"embeddable":true,"href":"https:\/\/notinor.com\/jujuy\/wp-json\/wp\/v2\/media\/242288"}],"wp:attachment":[{"href":"https:\/\/notinor.com\/jujuy\/wp-json\/wp\/v2\/media?parent=242286"}],"wp:term":[{"taxonomy":"category","embeddable":true,"href":"https:\/\/notinor.com\/jujuy\/wp-json\/wp\/v2\/categories?post=242286"},{"taxonomy":"post_tag","embeddable":true,"href":"https:\/\/notinor.com\/jujuy\/wp-json\/wp\/v2\/tags?post=242286"}],"curies":[{"name":"wp","href":"https:\/\/api.w.org\/{rel}","templated":true}]}}