{"id":242281,"date":"2020-05-29T23:06:23","date_gmt":"2020-05-30T02:06:23","guid":{"rendered":"https:\/\/notinor.com\/jujuy\/?p=242281"},"modified":"2020-05-29T23:06:28","modified_gmt":"2020-05-30T02:06:28","slug":"entraron-a-robar-al-ministerio-de-produccion","status":"publish","type":"post","link":"https:\/\/notinor.com\/jujuy\/entraron-a-robar-al-ministerio-de-produccion\/","title":{"rendered":"Entraron a robar al Ministerio de Producci\u00f3n"},"content":{"rendered":"\n<p> Fueron dos personas. Accedieron al lugar por un andamio montado en el frente del edificio. Se llevaron seis computadoras del \u00e1rea de Industria. <\/p>\n\n\n\n<figure class=\"wp-block-image\"><img decoding=\"async\" src=\"https:\/\/fotos.perfil.com\/2020\/05\/27\/trim\/1140\/641\/exclusivo-entraron-a-robar-al-ministerio-de-produccion-962741.jpg\" alt=\"El andamio por donde entraron a robar al Ministerio de Producci\u00f3n. | Foto:Cedoc.\"\/><\/figure>\n\n\n\n<p>El hecho ocurri\u00f3 durante la madrugada del pasado 17 de mayo en el edificio del Ministerio de Producci\u00f3n y se mantiene en el m\u00e1s estricto de los secretos. Dos personas entraron por un andamio montado en la esquina de Diagonal Sur y Chacabuco e ingresaron a las oficinas de la Secretar\u00eda de Industria que funcionan en el Ministerio que conduce Mat\u00edas Kulfas.<\/p>\n\n\n\n<p>El lugar tiene custodia la Polic\u00eda Federal, quienes, seg\u00fan pudo a Noticias ese d\u00eda estaban con un grupo reducido de agentes.&nbsp;\"Cuando se dieron cuenta, el lunes, avisaron y estaba hasta el ministro modulando por&nbsp;<em>handie<\/em>&nbsp;a los gritos. Fue un quilombo\", cont\u00f3 una fuente del ministerio a este medio.&nbsp;<\/p>\n\n\n\n<p>Hasta el momento los investigadores\u00a0solo dejaron trascender\u00a0que robaron 6 computadoras, pero fuentes del Ministerio sostienen que faltaron m\u00e1s cosas.<\/p>\n\n\n\n<p> Hasta el momento solo se pudo identificar a uno de los ladrones, de quien se obtuvieron sus datos a partir de las huellas dactilares en el lugar. La investigaci\u00f3n est\u00e1 a cargo de la\u00a0Polic\u00eda Federal, porque no se realiz\u00f3 la denuncia en la Polic\u00eda de la Ciudad.\u00a0 <\/p>\n","protected":false},"excerpt":{"rendered":"<p>Fueron dos personas. Accedieron al lugar por un andamio montado en el frente del edificio. Se llevaron seis computadoras del \u00e1rea de Industria. El hecho ocurri\u00f3 durante la madrugada del pasado 17 de mayo en el edificio del Ministerio de Producci\u00f3n y se mantiene en el m\u00e1s estricto de los secretos. Dos personas entraron por [&hellip;]<\/p>\n","protected":false},"author":1,"featured_media":242284,"comment_status":"open","ping_status":"open","sticky":false,"template":"","format":"standard","meta":{"_stopmodifiedupdate":false,"_modified_date":"","inline_featured_image":false,"spay_email":"","jetpack_publicize_message":""},"categories":[5],"tags":[],"jetpack_featured_media_url":"https:\/\/notinor.com\/jujuy\/wp-content\/uploads\/2020\/05\/ROBO.jpg","jetpack_publicize_connections":[],"_links":{"self":[{"href":"https:\/\/notinor.com\/jujuy\/wp-json\/wp\/v2\/posts\/242281"}],"collection":[{"href":"https:\/\/notinor.com\/jujuy\/wp-json\/wp\/v2\/posts"}],"about":[{"href":"https:\/\/notinor.com\/jujuy\/wp-json\/wp\/v2\/types\/post"}],"author":[{"embeddable":true,"href":"https:\/\/notinor.com\/jujuy\/wp-json\/wp\/v2\/users\/1"}],"replies":[{"embeddable":true,"href":"https:\/\/notinor.com\/jujuy\/wp-json\/wp\/v2\/comments?post=242281"}],"version-history":[{"count":1,"href":"https:\/\/notinor.com\/jujuy\/wp-json\/wp\/v2\/posts\/242281\/revisions"}],"predecessor-version":[{"id":242285,"href":"https:\/\/notinor.com\/jujuy\/wp-json\/wp\/v2\/posts\/242281\/revisions\/242285"}],"wp:featuredmedia":[{"embeddable":true,"href":"https:\/\/notinor.com\/jujuy\/wp-json\/wp\/v2\/media\/242284"}],"wp:attachment":[{"href":"https:\/\/notinor.com\/jujuy\/wp-json\/wp\/v2\/media?parent=242281"}],"wp:term":[{"taxonomy":"category","embeddable":true,"href":"https:\/\/notinor.com\/jujuy\/wp-json\/wp\/v2\/categories?post=242281"},{"taxonomy":"post_tag","embeddable":true,"href":"https:\/\/notinor.com\/jujuy\/wp-json\/wp\/v2\/tags?post=242281"}],"curies":[{"name":"wp","href":"https:\/\/api.w.org\/{rel}","templated":true}]}}