{"id":242280,"date":"2020-05-29T23:04:43","date_gmt":"2020-05-30T02:04:43","guid":{"rendered":"https:\/\/notinor.com\/jujuy\/?p=242280"},"modified":"2020-05-29T23:04:45","modified_gmt":"2020-05-30T02:04:45","slug":"prueban-mamparas-entre-los-asientos-de-colectivos-para-separar-a-los-pasajeros","status":"publish","type":"post","link":"https:\/\/notinor.com\/jujuy\/prueban-mamparas-entre-los-asientos-de-colectivos-para-separar-a-los-pasajeros\/","title":{"rendered":"Prueban mamparas entre los asientos de colectivos para separar a los pasajeros"},"content":{"rendered":"\n<p> Las mamparas de acr\u00edlico se instalaron en una de las unidades de la empresa que circulan en el \u00e1rea metropolitana de Buenos Aires. <\/p>\n\n\n\n<figure class=\"wp-block-image\"><img decoding=\"async\" src=\"https:\/\/somosjujuy-wordpress.s3.amazonaws.com\/wp-content\/uploads\/2020\/05\/29182404\/colectivos-mamparas.jpg\" alt=\"\"\/><\/figure>\n\n\n\n<p>La nueva normalidad impuesta por la&nbsp;pandemia del coronavirus&nbsp;obliga a buscar alternativas para compartir el&nbsp;espacio p\u00fablico&nbsp;de forma segura. Los rubros comerciales comienzan a aplicar sus protocolos y el transporte tambi\u00e9n analiza medidas para cuando la&nbsp;cuarentena&nbsp;se flexibilice por completo.<\/p>\n\n\n\n<p>Es el caso de lo que ocurre en la&nbsp;empresa La Nueva Metropol, que gestiona 26 l\u00edneas de colectivos que transitan por el&nbsp;\u00e1rea metropolitana&nbsp;, donde se inici\u00f3 una prueba que se encuentra en estado muy germinal, pero que caus\u00f3 una buena impresi\u00f3n en los responsables del transporte de la Naci\u00f3n.<\/p>\n\n\n\n<p>En una de las unidades se instalaron&nbsp;mamparas de acr\u00edlico&nbsp;entre los asientos para separar el espacio que ocupar\u00edan los pasajeros de forma tal de evitar el contacto f\u00edsico entre ellos. Se trata de una prueba que luego deber\u00e1 ser&nbsp;validada por la Anmat&nbsp;, en cuanto a las medidas de seguridad e higiene, antes de aplicarse a las 2500 unidades que componen la flota de la empresa.<\/p>\n\n\n\n<div class=\"wp-block-image\"><figure class=\"aligncenter\"><img decoding=\"async\" src=\"https:\/\/bucket3.glanacion.com\/anexos\/fotos\/37\/3268337h768.jpg\" alt=\"Las mamparas de acr\u00edlico se instalaron en una de las unidades de la empresa La Nueva Metropol, a modo de prueba\"\/><\/figure><\/div>\n\n\n\n<p>Las fotos que muestran la separaci\u00f3n entre los asientos se&nbsp;viralizaron en redes sociales&nbsp;; desde la empresa admitieron que a\u00fan no est\u00e1n en condiciones de anunciar su separaci\u00f3n porque quedan muchos pasos pendientes todav\u00eda, aunque reconocen que se trata de una idea para \u00abayudar al pasajero\u00bb y con la intenci\u00f3n \u00abde no demonizar el transporte y volverlo m\u00e1s amigable\u00bb.<\/p>\n\n\n\n<p>Desde el&nbsp;Ministerio de Transporte de la Naci\u00f3n&nbsp;aseguraron que estas iniciativas son valederas ya que la&nbsp;Comisi\u00f3n Nacional de Regulaci\u00f3n de Transporte (CNRT)&nbsp;y el Comit\u00e9 de Crisis fomentan iniciativas de separaci\u00f3n social.<\/p>\n\n\n\n<p>En esta etapa de la cuarentena el transporte p\u00fablico fue restringido s\u00f3lo para los trabajadores de rubros esenciales en toda el \u00e1rea metropolitana. La cantidad de pasajeros en trenes, colectivos y subtes es menor que al de d\u00edas de operatoria normal antes de la pandemia. Pero las empresas ya se preparan para cuando se anuncien nuevas flexibilizaciones.<\/p>\n","protected":false},"excerpt":{"rendered":"<p>Las mamparas de acr\u00edlico se instalaron en una de las unidades de la empresa que circulan en el \u00e1rea metropolitana de Buenos Aires. La nueva normalidad impuesta por la&nbsp;pandemia del coronavirus&nbsp;obliga a buscar alternativas para compartir el&nbsp;espacio p\u00fablico&nbsp;de forma segura. Los rubros comerciales comienzan a aplicar sus protocolos y el transporte tambi\u00e9n analiza medidas para [&hellip;]<\/p>\n","protected":false},"author":40,"featured_media":242282,"comment_status":"open","ping_status":"open","sticky":false,"template":"","format":"standard","meta":{"_stopmodifiedupdate":false,"_modified_date":"","inline_featured_image":false,"spay_email":"","jetpack_publicize_message":""},"categories":[5],"tags":[],"jetpack_featured_media_url":"https:\/\/notinor.com\/jujuy\/wp-content\/uploads\/2020\/05\/colectivos-mamparas.jpg","jetpack_publicize_connections":[],"_links":{"self":[{"href":"https:\/\/notinor.com\/jujuy\/wp-json\/wp\/v2\/posts\/242280"}],"collection":[{"href":"https:\/\/notinor.com\/jujuy\/wp-json\/wp\/v2\/posts"}],"about":[{"href":"https:\/\/notinor.com\/jujuy\/wp-json\/wp\/v2\/types\/post"}],"author":[{"embeddable":true,"href":"https:\/\/notinor.com\/jujuy\/wp-json\/wp\/v2\/users\/40"}],"replies":[{"embeddable":true,"href":"https:\/\/notinor.com\/jujuy\/wp-json\/wp\/v2\/comments?post=242280"}],"version-history":[{"count":1,"href":"https:\/\/notinor.com\/jujuy\/wp-json\/wp\/v2\/posts\/242280\/revisions"}],"predecessor-version":[{"id":242283,"href":"https:\/\/notinor.com\/jujuy\/wp-json\/wp\/v2\/posts\/242280\/revisions\/242283"}],"wp:featuredmedia":[{"embeddable":true,"href":"https:\/\/notinor.com\/jujuy\/wp-json\/wp\/v2\/media\/242282"}],"wp:attachment":[{"href":"https:\/\/notinor.com\/jujuy\/wp-json\/wp\/v2\/media?parent=242280"}],"wp:term":[{"taxonomy":"category","embeddable":true,"href":"https:\/\/notinor.com\/jujuy\/wp-json\/wp\/v2\/categories?post=242280"},{"taxonomy":"post_tag","embeddable":true,"href":"https:\/\/notinor.com\/jujuy\/wp-json\/wp\/v2\/tags?post=242280"}],"curies":[{"name":"wp","href":"https:\/\/api.w.org\/{rel}","templated":true}]}}