{"id":242277,"date":"2020-05-29T22:57:16","date_gmt":"2020-05-30T01:57:16","guid":{"rendered":"https:\/\/notinor.com\/jujuy\/?p=242277"},"modified":"2020-05-29T22:57:18","modified_gmt":"2020-05-30T01:57:18","slug":"sacudio-tan-fuerte-a-su-bebe-que-le-causo-ceguera-y-paralisis-cerebral","status":"publish","type":"post","link":"https:\/\/notinor.com\/jujuy\/sacudio-tan-fuerte-a-su-bebe-que-le-causo-ceguera-y-paralisis-cerebral\/","title":{"rendered":"Sacudi\u00f3 tan fuerte a su beb\u00e9 que le caus\u00f3 ceguera y par\u00e1lisis cerebral"},"content":{"rendered":"\n<p> En Reino Unido, los m\u00e9dicos descubrieron que la nena ten\u00eda m\u00faltiples hemorragias en el cerebro y retinas desprendidas. <\/p>\n\n\n\n<figure class=\"wp-block-image\"><img decoding=\"async\" src=\"https:\/\/somosjujuy-wordpress.s3.amazonaws.com\/wp-content\/uploads\/2020\/05\/29173214\/bebe-ilustrativa.jpg\" alt=\"\"\/><\/figure>\n\n\n\n<p>Un hecho tr\u00e1gico ocurri\u00f3 en Reino Unido, donde un hombre de 24 a\u00f1os sacudi\u00f3 tan fuerte a su beb\u00e9 de cuatro meses que le caus\u00f3 ceguera y par\u00e1lisis cerebral.<\/p>\n\n\n\n<p>El lamentable episodio sucedi\u00f3 cuando el joven se qued\u00f3 con su hija mientras la madre iba a trabajar. Seg\u00fan el portal The Sun, el hombre la sacudi\u00f3 con tanta fuerza que sus retinas se desprendieron y sufri\u00f3 m\u00faltiples hemorragias cerebrales.<\/p>\n\n\n\n<p>Inmediatamente fueron al hospital, donde un experto les dijo que la ni\u00f1a ten\u00eda dificultades para respirar y sus pupilas estaban dilatas. \u00c9l crey\u00f3 que la beb\u00e9 iba a morir.<\/p>\n\n\n\n<p>Luego fue llevada de urgencia al Royal Cornwall Hospital, antes de ser trasladada en avi\u00f3n al Hospital de Ni\u00f1os en Bristol, donde la peque\u00f1ita fue tratada durante varias semanas.<\/p>\n\n\n\n<p>Los m\u00e9dicos descubrieron que la ni\u00f1a ten\u00eda da\u00f1o interno. \u00abLa combinaci\u00f3n de lesiones era indicativa de un traumatismo craneal abusivo y sacudir el mecanismo m\u00e1s probable\u00bb, explic\u00f3 Michael Brown, quien lleva el caso.<\/p>\n\n\n\n<p>Aunque el acusado neg\u00f3 haber herido a su hija, admiti\u00f3 sus acciones a un representante legal en una audiencia familiar posterior.<\/p>\n\n\n\n<p>El s\u00edndrome del beb\u00e9 sacudido, tambi\u00e9n conocido como traumatismo craneal por maltrato, es una lesi\u00f3n cerebral grave que se produce tras sacudir violentamente a un beb\u00e9 o a un ni\u00f1o peque\u00f1o, y comienza a destruir las c\u00e9lulas cerebrales del ni\u00f1o y el \u00f3rgano deja de recibir suficiente ox\u00edgeno.<\/p>\n","protected":false},"excerpt":{"rendered":"<p>En Reino Unido, los m\u00e9dicos descubrieron que la nena ten\u00eda m\u00faltiples hemorragias en el cerebro y retinas desprendidas. Un hecho tr\u00e1gico ocurri\u00f3 en Reino Unido, donde un hombre de 24 a\u00f1os sacudi\u00f3 tan fuerte a su beb\u00e9 de cuatro meses que le caus\u00f3 ceguera y par\u00e1lisis cerebral. El lamentable episodio sucedi\u00f3 cuando el joven se [&hellip;]<\/p>\n","protected":false},"author":40,"featured_media":242278,"comment_status":"open","ping_status":"open","sticky":false,"template":"","format":"standard","meta":{"_stopmodifiedupdate":false,"_modified_date":"","inline_featured_image":false,"spay_email":"","jetpack_publicize_message":""},"categories":[6],"tags":[],"jetpack_featured_media_url":"https:\/\/notinor.com\/jujuy\/wp-content\/uploads\/2020\/05\/bebe-ilustrativa.jpg","jetpack_publicize_connections":[],"_links":{"self":[{"href":"https:\/\/notinor.com\/jujuy\/wp-json\/wp\/v2\/posts\/242277"}],"collection":[{"href":"https:\/\/notinor.com\/jujuy\/wp-json\/wp\/v2\/posts"}],"about":[{"href":"https:\/\/notinor.com\/jujuy\/wp-json\/wp\/v2\/types\/post"}],"author":[{"embeddable":true,"href":"https:\/\/notinor.com\/jujuy\/wp-json\/wp\/v2\/users\/40"}],"replies":[{"embeddable":true,"href":"https:\/\/notinor.com\/jujuy\/wp-json\/wp\/v2\/comments?post=242277"}],"version-history":[{"count":1,"href":"https:\/\/notinor.com\/jujuy\/wp-json\/wp\/v2\/posts\/242277\/revisions"}],"predecessor-version":[{"id":242279,"href":"https:\/\/notinor.com\/jujuy\/wp-json\/wp\/v2\/posts\/242277\/revisions\/242279"}],"wp:featuredmedia":[{"embeddable":true,"href":"https:\/\/notinor.com\/jujuy\/wp-json\/wp\/v2\/media\/242278"}],"wp:attachment":[{"href":"https:\/\/notinor.com\/jujuy\/wp-json\/wp\/v2\/media?parent=242277"}],"wp:term":[{"taxonomy":"category","embeddable":true,"href":"https:\/\/notinor.com\/jujuy\/wp-json\/wp\/v2\/categories?post=242277"},{"taxonomy":"post_tag","embeddable":true,"href":"https:\/\/notinor.com\/jujuy\/wp-json\/wp\/v2\/tags?post=242277"}],"curies":[{"name":"wp","href":"https:\/\/api.w.org\/{rel}","templated":true}]}}