{"id":2420,"date":"2014-10-25T12:25:31","date_gmt":"2014-10-25T12:25:31","guid":{"rendered":"http:\/\/notinor.com\/jujuy\/?p=2420"},"modified":"2014-10-25T12:25:31","modified_gmt":"2014-10-25T12:25:31","slug":"alfaro-eucebio-lucio-q-e-p-d","status":"publish","type":"post","link":"https:\/\/notinor.com\/jujuy\/alfaro-eucebio-lucio-q-e-p-d\/","title":{"rendered":"ALFARO, Eucebio Lucio (Q.E.P.D.)"},"content":{"rendered":"<p>Falleci\u00f3 el 24 de octubre de 2014. C.A.S.R. y B.P. a la edad de 69 a\u00f1os. Su hermanos Lucia y Seledonia Rojas; sobrinos Silvia y Abdon; nietos y dem\u00e1s familiares participan de su fallecimiento y comunican a las personas piadosas que sus restos mortales ser\u00e1n inhumados,\u00a0hoy 25 de octubre a hs. 17:00 en el cementerio parque El Solar. Casa de duelo El Chalchalero Mza 2 Lote 9 barri\u00f3 Los Perales. Ruegan elevar oraciones por su descanso eterno. Exequias y ceremonial Werchow Sepelios, Lavalle 123. Tel. Fax (0388 - 4225555).<\/p>\n","protected":false},"excerpt":{"rendered":"<p>Falleci\u00f3 el 24 de octubre de 2014. C.A.S.R. y B.P. a la edad de 69 a\u00f1os. Su hermanos Lucia y Seledonia Rojas; sobrinos Silvia y Abdon; nietos y dem\u00e1s familiares participan de su fallecimiento y comunican a las personas piadosas que sus restos mortales ser\u00e1n inhumados,\u00a0hoy 25 de octubre a hs. 17:00 en el cementerio [&hellip;]<\/p>\n","protected":false},"author":5,"featured_media":2421,"comment_status":"open","ping_status":"open","sticky":false,"template":"","format":"standard","meta":{"_stopmodifiedupdate":false,"_modified_date":"","inline_featured_image":false,"spay_email":"","jetpack_publicize_message":""},"categories":[18],"tags":[],"jetpack_featured_media_url":"https:\/\/notinor.com\/jujuy\/wp-content\/uploads\/2014\/10\/funebres1.jpg","jetpack_publicize_connections":[],"_links":{"self":[{"href":"https:\/\/notinor.com\/jujuy\/wp-json\/wp\/v2\/posts\/2420"}],"collection":[{"href":"https:\/\/notinor.com\/jujuy\/wp-json\/wp\/v2\/posts"}],"about":[{"href":"https:\/\/notinor.com\/jujuy\/wp-json\/wp\/v2\/types\/post"}],"author":[{"embeddable":true,"href":"https:\/\/notinor.com\/jujuy\/wp-json\/wp\/v2\/users\/5"}],"replies":[{"embeddable":true,"href":"https:\/\/notinor.com\/jujuy\/wp-json\/wp\/v2\/comments?post=2420"}],"version-history":[{"count":1,"href":"https:\/\/notinor.com\/jujuy\/wp-json\/wp\/v2\/posts\/2420\/revisions"}],"predecessor-version":[{"id":2422,"href":"https:\/\/notinor.com\/jujuy\/wp-json\/wp\/v2\/posts\/2420\/revisions\/2422"}],"wp:featuredmedia":[{"embeddable":true,"href":"https:\/\/notinor.com\/jujuy\/wp-json\/wp\/v2\/media\/2421"}],"wp:attachment":[{"href":"https:\/\/notinor.com\/jujuy\/wp-json\/wp\/v2\/media?parent=2420"}],"wp:term":[{"taxonomy":"category","embeddable":true,"href":"https:\/\/notinor.com\/jujuy\/wp-json\/wp\/v2\/categories?post=2420"},{"taxonomy":"post_tag","embeddable":true,"href":"https:\/\/notinor.com\/jujuy\/wp-json\/wp\/v2\/tags?post=2420"}],"curies":[{"name":"wp","href":"https:\/\/api.w.org\/{rel}","templated":true}]}}