{"id":241967,"date":"2020-05-28T11:47:42","date_gmt":"2020-05-28T14:47:42","guid":{"rendered":"https:\/\/notinor.com\/jujuy\/?p=241967"},"modified":"2020-05-28T11:47:46","modified_gmt":"2020-05-28T14:47:46","slug":"los-hoteles-del-caribe-mexicano-abriran-a-partir-del-8-de-junio%f0%9f%98%80","status":"publish","type":"post","link":"https:\/\/notinor.com\/jujuy\/los-hoteles-del-caribe-mexicano-abriran-a-partir-del-8-de-junio%f0%9f%98%80\/","title":{"rendered":"Los hoteles del Caribe mexicano abrir\u00e1n a partir del 8 de junio\ud83d\ude00"},"content":{"rendered":"\n<p>El Caribe mexicano apunta al turismo nacional para salir de la crisis, <strong>Campa\u00f1a especial para Canc\u00fan, Riviera Maya, Cozumel, Isla Mujeres, Holbox y la Costa Maya<\/strong>.<\/p>\n\n\n\n<p> Los hoteles, restaurantes, agencias de viajes y empresas tur\u00edsticas del\u00a0<a href=\"https:\/\/www.hosteltur.com\/tag\/caribe-mexicano\">Caribe mexicano<\/a>\u00a0planean reabrir de manera escalonada a partir del 8 de junio tras la cuarentena por la pandemia de\u00a0<a href=\"https:\/\/www.hosteltur.com\/tag\/coronavirus\">coronavirus<\/a>, informaron este mi\u00e9rcoles representantes del sector. <\/p>\n\n\n\n<p>En una conferencia de prensa, los representantes del turismo del Caribe, en el estado de&nbsp;<strong>Quintana Roo<\/strong>, indicaron que lanzar\u00e1n una campa\u00f1a de promoci\u00f3n con toda clase de ofertas y concursos en redes sociales con regalos de vacaciones pagadas.<\/p>\n\n\n\n<p>Los preparativos internos dar\u00e1n inicio el 1 de junio, una semana antes de la reapertura tur\u00edstica, dijo el dirigente de la&nbsp;<strong>Asociaci\u00f3n de Hoteles de Canc\u00fan, Puerto Morelos e Isla Mujeres<\/strong>, Roberto Cintr\u00f3n G\u00f3mez.<\/p>\n\n\n\n<p>La campa\u00f1a, que ya involucra a m\u00e1s de 200 empresas, contempla la promoci\u00f3n de todos los destinos de Quintana Roo, como&nbsp;<strong>Canc\u00fan<\/strong>,&nbsp;<strong>Riviera Maya<\/strong>,&nbsp;<strong>Cozumel, Isla Mujeres, Holbox<\/strong>&nbsp;y la&nbsp;<strong>Costa Maya<\/strong>&nbsp;donde se ubica Mahahual, se\u00f1al\u00f3.<\/p>\n\n\n\n<p>El l\u00edder de los hoteleros explic\u00f3 que todos los prestadores de servicios ofrecer\u00e1n&nbsp;<strong>promociones y descuentos<\/strong>&nbsp;que resaltar\u00e1n el n\u00famero 2, como dar dos noches gratis o un 20% de descuento, por mencionar algunas.<\/p>\n\n\n\n<p>\"El primer mercado que se va a reactivar, no s\u00f3lo en Quintana Roo sino tambi\u00e9n en los dem\u00e1s destinos del pa\u00eds va a ser el&nbsp;<strong>mercado nacional<\/strong>, por eso es que estamos saliendo primero en espa\u00f1ol\", argument\u00f3.<\/p>\n\n\n\n<figure class=\"wp-block-image\"><img decoding=\"async\" src=\"https:\/\/static.hosteltur.com\/app\/public\/uploads\/img\/articles\/2020\/05\/28\/L_093544_riviera-maya-hotel-hacienda-tres-rios-br.jpg\" alt=\"\"\/><\/figure>\n\n\n\n<p>Un resort hotelero en la Riviera Maya, M\u00e9xico<\/p>\n\n\n\n<p>\"Si no hay hoteles abiertos, si no hay productos tur\u00edsticos abiertos las aerol\u00edneas no van a venir a Canc\u00fan\"<\/p>\n\n\n\n<p>El dirigente dijo que el sector turismo del Caribe tiene que ser realista y no espera que comenzar el 8 de junio con los mismos \u00edndices de ocupaci\u00f3n que ten\u00edan, por ejemplo, en marzo,<\/p>\n\n\n\n<p>\"Gradualmente se van a ampliar esos niveles de ocupaci\u00f3n, si no hay hoteles abiertos, si no hay productos tur\u00edsticos abiertos las aerol\u00edneas no van a venir a Canc\u00fan y por lo tanto no va a haber turistas que vengan a Canc\u00fan, por eso es tan importante que todos los productos tur\u00edsticos empecemos a abrir el 8 de junio\", se\u00f1al\u00f3.<\/p>\n\n\n\n<p>\"Esperemos que para julio o para agosto podamos tener unas ocupaciones de hasta el 50, 55 o quiz\u00e1 un 60%\", agreg\u00f3.<\/p>\n\n\n\n<p>Por otra parte, la Secretar\u00eda de Turismo de Quintana Roo indic\u00f3 ya hay casi 4.000 empresas interesadas en certificarse en temas sanitarios para poder reiniciar operaciones lo antes posible.<\/p>\n\n\n\n<p>Los destinos del Caribe mexicano entraron en contingencia sanitaria a mediados de marzo, como parte de las medidas de mitigaci\u00f3n para evitar la propagaci\u00f3n del coronavirus y actualmente el estado de Quintana Roo muestras una tendencia hacia el control de la pandemia a nivel local<\/p>\n","protected":false},"excerpt":{"rendered":"<p>El Caribe mexicano apunta al turismo nacional para salir de la crisis, Campa\u00f1a especial para Canc\u00fan, Riviera Maya, Cozumel, Isla Mujeres, Holbox y la Costa Maya. Los hoteles, restaurantes, agencias de viajes y empresas tur\u00edsticas del\u00a0Caribe mexicano\u00a0planean reabrir de manera escalonada a partir del 8 de junio tras la cuarentena por la pandemia de\u00a0coronavirus, informaron [&hellip;]<\/p>\n","protected":false},"author":1,"featured_media":241968,"comment_status":"open","ping_status":"open","sticky":false,"template":"","format":"standard","meta":{"_stopmodifiedupdate":false,"_modified_date":"","inline_featured_image":false,"spay_email":"","jetpack_publicize_message":""},"categories":[6],"tags":[],"jetpack_featured_media_url":"https:\/\/notinor.com\/jujuy\/wp-content\/uploads\/2020\/05\/hoteles.jpg","jetpack_publicize_connections":[],"_links":{"self":[{"href":"https:\/\/notinor.com\/jujuy\/wp-json\/wp\/v2\/posts\/241967"}],"collection":[{"href":"https:\/\/notinor.com\/jujuy\/wp-json\/wp\/v2\/posts"}],"about":[{"href":"https:\/\/notinor.com\/jujuy\/wp-json\/wp\/v2\/types\/post"}],"author":[{"embeddable":true,"href":"https:\/\/notinor.com\/jujuy\/wp-json\/wp\/v2\/users\/1"}],"replies":[{"embeddable":true,"href":"https:\/\/notinor.com\/jujuy\/wp-json\/wp\/v2\/comments?post=241967"}],"version-history":[{"count":1,"href":"https:\/\/notinor.com\/jujuy\/wp-json\/wp\/v2\/posts\/241967\/revisions"}],"predecessor-version":[{"id":241969,"href":"https:\/\/notinor.com\/jujuy\/wp-json\/wp\/v2\/posts\/241967\/revisions\/241969"}],"wp:featuredmedia":[{"embeddable":true,"href":"https:\/\/notinor.com\/jujuy\/wp-json\/wp\/v2\/media\/241968"}],"wp:attachment":[{"href":"https:\/\/notinor.com\/jujuy\/wp-json\/wp\/v2\/media?parent=241967"}],"wp:term":[{"taxonomy":"category","embeddable":true,"href":"https:\/\/notinor.com\/jujuy\/wp-json\/wp\/v2\/categories?post=241967"},{"taxonomy":"post_tag","embeddable":true,"href":"https:\/\/notinor.com\/jujuy\/wp-json\/wp\/v2\/tags?post=241967"}],"curies":[{"name":"wp","href":"https:\/\/api.w.org\/{rel}","templated":true}]}}