{"id":241955,"date":"2020-05-28T11:33:34","date_gmt":"2020-05-28T14:33:34","guid":{"rendered":"https:\/\/notinor.com\/jujuy\/?p=241955"},"modified":"2020-05-28T11:33:36","modified_gmt":"2020-05-28T14:33:36","slug":"la-desocupacion-en-estados-unidos-ya-alcanza-a-41-millones-de-personas","status":"publish","type":"post","link":"https:\/\/notinor.com\/jujuy\/la-desocupacion-en-estados-unidos-ya-alcanza-a-41-millones-de-personas\/","title":{"rendered":"La desocupaci\u00f3n en Estados Unidos ya alcanza a 41 millones de personas"},"content":{"rendered":"\n<p> El Departamento de Trabajo inform\u00f3 que otros 2,12 millones de habitantes pidieron un seguro de desempleo la semana pasada. <\/p>\n\n\n\n<figure class=\"wp-block-image\"><img decoding=\"async\" src=\"https:\/\/cdn.tn.com.ar\/sites\/default\/files\/styles\/1366x765\/public\/2020\/05\/28\/nueva_york_afp_covid.jpg\" alt=\"Time Square, en Nueva York, desierto (foto: AFP).\"\/><\/figure>\n\n\n\n<p>M\u00e1s de&nbsp;<strong>2,12 millones<\/strong>&nbsp;de personas solicitaron la semana pasada el subsidio por desempleo en los Estados Unidos. En los \u00faltimos dos meses, la econom\u00eda de ese pa\u00eds&nbsp;<strong>expuls\u00f3 as\u00ed 41 millones de trabajadores<\/strong>, inform\u00f3 este jueves el Departamento de Trabajo.<\/p>\n\n\n\n<p>En la semana anterior se hab\u00edan recibido 2,43 millones de solicitudes y la cifra semanal ha descendido a medida que m\u00e1s estados permiten la reapertura de negocios, luego de haber tocado picos hist\u00f3ricos de\u00a0<strong>casi 7 millones de pedidos semanales<\/strong>\u00a0a fines de marzo.<\/p>\n\n\n\n<p> El promedio de solicitudes en cuatro semanas, una cifra que compensa las variaciones semanales, baj\u00f3 a 2,6 millones, comparado con la media de 3 millones de la semana anterior. <\/p>\n\n\n\n<figure class=\"wp-block-image\"><img decoding=\"async\" src=\"https:\/\/cdn.tn.com.ar\/sites\/default\/files\/styles\/embed_image\/public\/2020\/05\/28\/5ecfc16e03c72_afp_infografia.jpg\" alt=\"La OIT estim\u00f3 una destrucci\u00f3n de m\u00e1s de 300 millones de empleos en el mundo en el segundo trimestre del a\u00f1o (AFP).\"\/><\/figure>\n\n\n\n<p>En la semana que concluy\u00f3 el 21 de marzo y cuando la pandemia empez\u00f3 a vapulear el mercado laboral estadounidense, la cifra de solicitudes de subsidio por desempleo dio un salto a 3,3 millones de trabajadores, y la semana siguiente se duplic\u00f3 y alcanz\u00f3 su mayor cifra, con 6,9 millones de tr\u00e1mites.<\/p>\n\n\n\n<p>El informe del Departamento de Trabajo indica hoy que en la semana que concluy\u00f3 el 16 de mayo hab\u00eda\u00a0<strong>21,05 millones de personas que percib\u00edan el subsidio convencional por desempleo, comparado con 25 millones de personas en la semana anterior.<\/strong>  <\/p>\n\n\n\n<p>A estas alturas, dos tercios de las personas en la fuerza laboral de la mayor econom\u00eda del mundo reciben en subsidios por desempleo m\u00e1s dinero que lo que cobraban en sus sueldos debido, en gran medida, a los 600 d\u00f3lares semanales adicionales provistos por la ley de est\u00edmulo de 2,3 billones de d\u00f3lares aprobada en marzo.<\/p>\n\n\n\n<p>Seg\u00fan datos que recopil\u00f3 la Reserva Federal esta semana, la tasa de desempleo en la principal econom\u00eda del planeta llegaba al 14,7 por ciento, con m\u00e1s de 38 millones de personas en situaci\u00f3n de paro.<\/p>\n\n\n\n<p>Este suplemento terminar\u00e1 a fin de julio si el Senado, con mayor\u00eda republicana, no aprueba y el presidente Donald Trump no promulga un segundo paquete de est\u00edmulo por 3 billones de d\u00f3lares, aprobado por la C\u00e1mara de Representantes, con mayor\u00eda dem\u00f3crata, y que extiende el pago adicional hasta enero de 2021, record\u00f3 la agencia&nbsp;<em>EFE<\/em>.<\/p>\n\n\n\n<p>Un factor que puede demorar el retorno de los trabajadores a los empleos, especialmente al aproximarse el verano, es la escasez de guarder\u00edas y la cancelaci\u00f3n de los campamentos de verano, que impiden que algunos padres y madres vuelvan a sus ocupaciones aun si las empresas reabren sus puertas.<\/p>\n","protected":false},"excerpt":{"rendered":"<p>El Departamento de Trabajo inform\u00f3 que otros 2,12 millones de habitantes pidieron un seguro de desempleo la semana pasada. M\u00e1s de&nbsp;2,12 millones&nbsp;de personas solicitaron la semana pasada el subsidio por desempleo en los Estados Unidos. En los \u00faltimos dos meses, la econom\u00eda de ese pa\u00eds&nbsp;expuls\u00f3 as\u00ed 41 millones de trabajadores, inform\u00f3 este jueves el Departamento [&hellip;]<\/p>\n","protected":false},"author":1,"featured_media":241956,"comment_status":"open","ping_status":"open","sticky":false,"template":"","format":"standard","meta":{"_stopmodifiedupdate":false,"_modified_date":"","inline_featured_image":false,"spay_email":"","jetpack_publicize_message":""},"categories":[6],"tags":[],"jetpack_featured_media_url":"https:\/\/notinor.com\/jujuy\/wp-content\/uploads\/2020\/05\/nueva-york.jpg","jetpack_publicize_connections":[],"_links":{"self":[{"href":"https:\/\/notinor.com\/jujuy\/wp-json\/wp\/v2\/posts\/241955"}],"collection":[{"href":"https:\/\/notinor.com\/jujuy\/wp-json\/wp\/v2\/posts"}],"about":[{"href":"https:\/\/notinor.com\/jujuy\/wp-json\/wp\/v2\/types\/post"}],"author":[{"embeddable":true,"href":"https:\/\/notinor.com\/jujuy\/wp-json\/wp\/v2\/users\/1"}],"replies":[{"embeddable":true,"href":"https:\/\/notinor.com\/jujuy\/wp-json\/wp\/v2\/comments?post=241955"}],"version-history":[{"count":1,"href":"https:\/\/notinor.com\/jujuy\/wp-json\/wp\/v2\/posts\/241955\/revisions"}],"predecessor-version":[{"id":241957,"href":"https:\/\/notinor.com\/jujuy\/wp-json\/wp\/v2\/posts\/241955\/revisions\/241957"}],"wp:featuredmedia":[{"embeddable":true,"href":"https:\/\/notinor.com\/jujuy\/wp-json\/wp\/v2\/media\/241956"}],"wp:attachment":[{"href":"https:\/\/notinor.com\/jujuy\/wp-json\/wp\/v2\/media?parent=241955"}],"wp:term":[{"taxonomy":"category","embeddable":true,"href":"https:\/\/notinor.com\/jujuy\/wp-json\/wp\/v2\/categories?post=241955"},{"taxonomy":"post_tag","embeddable":true,"href":"https:\/\/notinor.com\/jujuy\/wp-json\/wp\/v2\/tags?post=241955"}],"curies":[{"name":"wp","href":"https:\/\/api.w.org\/{rel}","templated":true}]}}