{"id":241949,"date":"2020-05-28T11:15:42","date_gmt":"2020-05-28T14:15:42","guid":{"rendered":"https:\/\/notinor.com\/jujuy\/?p=241949"},"modified":"2020-05-28T11:15:44","modified_gmt":"2020-05-28T14:15:44","slug":"se-produjo-un-rebrote-de-coronavirus-en-seul","status":"publish","type":"post","link":"https:\/\/notinor.com\/jujuy\/se-produjo-un-rebrote-de-coronavirus-en-seul\/","title":{"rendered":"Se produjo un rebrote de coronavirus en Se\u00fal"},"content":{"rendered":"\n<p>El ministro de Salud y Bienestar local pidi\u00f3 a los\nhabitantes de la capital y zonas aleda\u00f1as que intensifiquen las medidas de\ndistanciamiento hasta el 14 de junio para evitar m\u00e1s contagios.<\/p>\n\n\n\n<figure class=\"wp-block-image size-large\"><img decoding=\"async\" loading=\"lazy\" width=\"750\" height=\"447\" src=\"https:\/\/notinor.com\/jujuy\/wp-content\/uploads\/2020\/05\/corea-del-sur-1.jpg\" alt=\"\" class=\"wp-image-241952\" srcset=\"https:\/\/notinor.com\/jujuy\/wp-content\/uploads\/2020\/05\/corea-del-sur-1.jpg 750w, https:\/\/notinor.com\/jujuy\/wp-content\/uploads\/2020\/05\/corea-del-sur-1-612x365.jpg 612w\" sizes=\"(max-width: 750px) 100vw, 750px\" \/><\/figure>\n\n\n\n<p class=\"has-background has-vivid-cyan-blue-background-color\"><strong>Autoridades surcoreanas resolvieron reforzar durante las pr\u00f3ximas dos semanas las medidas de distanciamiento en Se\u00fal, tras registrar un nuevo foco de contagios de coronavirus en un centro log\u00edstico en la periferia de la capital, que con 82 casos se convirti\u00f3 en el peor repunte desde el pasado 5 de abril.<\/strong><\/p>\n\n\n\n<p>De los 79 nuevos casos detectados el mi\u00e9rcoles, 68 son\ncontagios locales y 54 de ellos corresponden al brote que afecta principalmente\na los trabajadores de una instalaci\u00f3n comercial situada en la ciudad dormitorio\nde Bucheon, al suroeste de la capital.<\/p>\n\n\n\n<p>En total, hay 69 contagios relacionados con este brote\ndetectado por primera vez el martes en este almac\u00e9n de la mayor empresa de\ncomercio electr\u00f3nico del pa\u00eds, Coupang.<\/p>\n\n\n\n<p>Visi\u00f3n a futuro<\/p>\n\n\n\n<p>El viceministro de Salud, Kim Gang-lip, dijo en conferencia\nde prensa que el gobierno da por hecho que el n\u00famero de positivos ligados al\nbrote de Bucheon \"ir\u00e1 en aumento\" seg\u00fan se vayan realizando m\u00e1s test\na los individuos de riesgo, y que existe \"gran preocupaci\u00f3n\" debido\nal ritmo de contagio de este foco.<\/p>\n\n\n\n<p>Las autoridades identificaron a 4.159 personas que trabajan\nen la nave, la visitaron o tuvieron contacto directo con alguno de sus\ntrabajadores, y espera haber testado a todos ellos para este jueves (ya realiz\u00f3\nm\u00e1s de 3.400 pruebas diagn\u00f3sticas).<\/p>\n\n\n\n<p>En ese marco, el ministro de Salud y Bienestar surcoreano,\nPark Neung-hoo, le pidi\u00f3 a los habitantes de la capital y las zonas aleda\u00f1as\nque intensifiquen las medidas de distanciamiento hasta el 14 de junio para\nevitar m\u00e1s contagios.<\/p>\n\n\n\n<p>Medidas a tomar<\/p>\n\n\n\n<p>El ministro anunci\u00f3 que durante ese plazo en la regi\u00f3n capitalina\nse cerrar\u00e1n parques, museos, cines y otros espacios p\u00fablicos, e inst\u00f3 a sus\nhabitantes a evitar cualquier reuni\u00f3n no indispensable y a establecimientos\ncomo bares y restaurantes que extremen las medidas de distanciamiento y\nregistren los datos de cada visitante, inform\u00f3 la agencia de noticias EFE.<\/p>\n\n\n\n<p>El brote detectado en el centro de log\u00edstica de Bucheon suma\nya 82 casos en tan solo tres d\u00edas desde que se identificara el primer positivo\nen un trabajador del almac\u00e9n, confirm\u00f3 Park, que insisti\u00f3 en que existe un\n\"alto riesgo de que el contagio se multiplique con fuerza\".<\/p>\n\n\n\n<p>Pese a que admiti\u00f3 la posibilidad de que \"la infecci\u00f3n\nya se haya extendido a otros puntos de la regi\u00f3n\" fuera del radar de las\nautoridades, reiter\u00f3 que, por el momento, los colegios seguir\u00e1n abiertos en\nCorea del Sur, y pidi\u00f3 la colaboraci\u00f3n ciudadana para evitar que se extienda la\nCovid-19 y haya que volver a cerrarlos.<\/p>\n\n\n\n<p>\"Si este brote (en Bucheon) sigue creciendo tendremos\nque volver a la fase de distanciamiento social\", avis\u00f3 Park, en relaci\u00f3n\nal periodo de prevenci\u00f3n m\u00e1s estricto que Corea del Sur dio por finalizado el\npasado 6 de mayo.<\/p>\n\n\n\n<p>N\u00fameros en el pa\u00eds<\/p>\n\n\n\n<p>El brote en torno a la capital propici\u00f3 que Corea del Sur\nregistrara 79 nuevos positivos, la mayor cifra desde el pasado 5 de abril.<\/p>\n\n\n\n<p>El pa\u00eds asi\u00e1tico, uno de los que mejor control\u00f3 la pandemia\nhasta ahora gracias a su sistema de rastreo exhaustivo, testeo masivo y\naislamiento de contactos, suma en total 11.344 contagios, de los cuales solo\n735 (el 6,5 %) son casos activos.<\/p>\n\n\n\n<p>El 91,1% de los infectados se cur\u00f3 mientras que 269\nfallecieron, dejando una tasa de letalidad del 2,37%.<\/p>\n","protected":false},"excerpt":{"rendered":"<p>El ministro de Salud y Bienestar local pidi\u00f3 a los habitantes de la capital y zonas aleda\u00f1as que intensifiquen las medidas de distanciamiento hasta el 14 de junio para evitar m\u00e1s contagios. Autoridades surcoreanas resolvieron reforzar durante las pr\u00f3ximas dos semanas las medidas de distanciamiento en Se\u00fal, tras registrar un nuevo foco de contagios de [&hellip;]<\/p>\n","protected":false},"author":5,"featured_media":241951,"comment_status":"open","ping_status":"open","sticky":false,"template":"","format":"standard","meta":{"_stopmodifiedupdate":false,"_modified_date":"","inline_featured_image":false,"spay_email":"","jetpack_publicize_message":"El ministro de Salud y Bienestar local pidi\u00f3 a los habitantes de la capital y zonas aleda\u00f1as que intensifiquen las medidas de distanciamiento hasta el 14 de junio para evitar m\u00e1s contagios."},"categories":[6],"tags":[],"jetpack_featured_media_url":"https:\/\/notinor.com\/jujuy\/wp-content\/uploads\/2020\/05\/corea-del-sur.jpg","jetpack_publicize_connections":[],"_links":{"self":[{"href":"https:\/\/notinor.com\/jujuy\/wp-json\/wp\/v2\/posts\/241949"}],"collection":[{"href":"https:\/\/notinor.com\/jujuy\/wp-json\/wp\/v2\/posts"}],"about":[{"href":"https:\/\/notinor.com\/jujuy\/wp-json\/wp\/v2\/types\/post"}],"author":[{"embeddable":true,"href":"https:\/\/notinor.com\/jujuy\/wp-json\/wp\/v2\/users\/5"}],"replies":[{"embeddable":true,"href":"https:\/\/notinor.com\/jujuy\/wp-json\/wp\/v2\/comments?post=241949"}],"version-history":[{"count":1,"href":"https:\/\/notinor.com\/jujuy\/wp-json\/wp\/v2\/posts\/241949\/revisions"}],"predecessor-version":[{"id":241954,"href":"https:\/\/notinor.com\/jujuy\/wp-json\/wp\/v2\/posts\/241949\/revisions\/241954"}],"wp:featuredmedia":[{"embeddable":true,"href":"https:\/\/notinor.com\/jujuy\/wp-json\/wp\/v2\/media\/241951"}],"wp:attachment":[{"href":"https:\/\/notinor.com\/jujuy\/wp-json\/wp\/v2\/media?parent=241949"}],"wp:term":[{"taxonomy":"category","embeddable":true,"href":"https:\/\/notinor.com\/jujuy\/wp-json\/wp\/v2\/categories?post=241949"},{"taxonomy":"post_tag","embeddable":true,"href":"https:\/\/notinor.com\/jujuy\/wp-json\/wp\/v2\/tags?post=241949"}],"curies":[{"name":"wp","href":"https:\/\/api.w.org\/{rel}","templated":true}]}}