{"id":241935,"date":"2020-05-28T10:50:08","date_gmt":"2020-05-28T13:50:08","guid":{"rendered":"https:\/\/notinor.com\/jujuy\/?p=241935"},"modified":"2020-05-28T10:50:10","modified_gmt":"2020-05-28T13:50:10","slug":"se-activo-el-protocolo-de-emergencia-en-la-nueva-terminal","status":"publish","type":"post","link":"https:\/\/notinor.com\/jujuy\/se-activo-el-protocolo-de-emergencia-en-la-nueva-terminal\/","title":{"rendered":"Se activ\u00f3 el Protocolo de Emergencia en la nueva terminal"},"content":{"rendered":"\n<p>Un colectivero que habr\u00eda estado en contacto con el camionero de Fraile Pintado ten\u00eda 38 grados de fiebre.<\/p>\n\n\n\n<figure class=\"wp-block-image size-large\"><img decoding=\"async\" loading=\"lazy\" width=\"790\" height=\"444\" src=\"https:\/\/notinor.com\/jujuy\/wp-content\/uploads\/2020\/05\/0000943527.jpg\" alt=\"\" class=\"wp-image-241937\" srcset=\"https:\/\/notinor.com\/jujuy\/wp-content\/uploads\/2020\/05\/0000943527.jpg 790w, https:\/\/notinor.com\/jujuy\/wp-content\/uploads\/2020\/05\/0000943527-649x365.jpg 649w, https:\/\/notinor.com\/jujuy\/wp-content\/uploads\/2020\/05\/0000943527-500x280.jpg 500w, https:\/\/notinor.com\/jujuy\/wp-content\/uploads\/2020\/05\/0000943527-768x432.jpg 768w\" sizes=\"(max-width: 790px) 100vw, 790px\" \/><\/figure>\n\n\n\n<p class=\"has-background has-vivid-cyan-blue-background-color\">Alerta. Se activ\u00f3 el Protocolo de Emergencia de COVID-19  en la nueva terminal de \u00f3mnibus, por un chofer que habr\u00eda mantenido contacto con el camionero de Fraile Pintado que dio positivo el d\u00eda de ayer.<\/p>\n\n\n\n<p>El chofer se presentaba a trabajar cuando avis\u00f3 que ten\u00eda s\u00edntomas - temperatura - y advirti\u00f3 haber tenido contacto con el camionero de Fraile Pintado.<\/p>\n\n\n\n<p>Se lo traslad\u00f3 al Hospital de Campa\u00f1a en Ciudad Cultural.<\/p>\n","protected":false},"excerpt":{"rendered":"<p>Un colectivero que habr\u00eda estado en contacto con el camionero de Fraile Pintado ten\u00eda 38 grados de fiebre. Alerta. Se activ\u00f3 el Protocolo de Emergencia de COVID-19 en la nueva terminal de \u00f3mnibus, por un chofer que habr\u00eda mantenido contacto con el camionero de Fraile Pintado que dio positivo el d\u00eda de ayer. El chofer [&hellip;]<\/p>\n","protected":false},"author":37,"featured_media":241937,"comment_status":"open","ping_status":"open","sticky":false,"template":"","format":"standard","meta":{"_stopmodifiedupdate":false,"_modified_date":"","inline_featured_image":false,"spay_email":"","jetpack_publicize_message":"Un colectivero que habr\u00eda estado en contacto con el camionero de Fraile Pintado ten\u00eda 38 grados de fiebre."},"categories":[2],"tags":[],"jetpack_featured_media_url":"https:\/\/notinor.com\/jujuy\/wp-content\/uploads\/2020\/05\/0000943527.jpg","jetpack_publicize_connections":[],"_links":{"self":[{"href":"https:\/\/notinor.com\/jujuy\/wp-json\/wp\/v2\/posts\/241935"}],"collection":[{"href":"https:\/\/notinor.com\/jujuy\/wp-json\/wp\/v2\/posts"}],"about":[{"href":"https:\/\/notinor.com\/jujuy\/wp-json\/wp\/v2\/types\/post"}],"author":[{"embeddable":true,"href":"https:\/\/notinor.com\/jujuy\/wp-json\/wp\/v2\/users\/37"}],"replies":[{"embeddable":true,"href":"https:\/\/notinor.com\/jujuy\/wp-json\/wp\/v2\/comments?post=241935"}],"version-history":[{"count":1,"href":"https:\/\/notinor.com\/jujuy\/wp-json\/wp\/v2\/posts\/241935\/revisions"}],"predecessor-version":[{"id":241941,"href":"https:\/\/notinor.com\/jujuy\/wp-json\/wp\/v2\/posts\/241935\/revisions\/241941"}],"wp:featuredmedia":[{"embeddable":true,"href":"https:\/\/notinor.com\/jujuy\/wp-json\/wp\/v2\/media\/241937"}],"wp:attachment":[{"href":"https:\/\/notinor.com\/jujuy\/wp-json\/wp\/v2\/media?parent=241935"}],"wp:term":[{"taxonomy":"category","embeddable":true,"href":"https:\/\/notinor.com\/jujuy\/wp-json\/wp\/v2\/categories?post=241935"},{"taxonomy":"post_tag","embeddable":true,"href":"https:\/\/notinor.com\/jujuy\/wp-json\/wp\/v2\/tags?post=241935"}],"curies":[{"name":"wp","href":"https:\/\/api.w.org\/{rel}","templated":true}]}}