{"id":241771,"date":"2020-05-27T17:26:34","date_gmt":"2020-05-27T20:26:34","guid":{"rendered":"https:\/\/notinor.com\/jujuy\/?p=241771"},"modified":"2020-05-27T17:26:36","modified_gmt":"2020-05-27T20:26:36","slug":"la-teoria-de-la-conspiracion-que-se-hizo-tan-viral-como-el-covid-19","status":"publish","type":"post","link":"https:\/\/notinor.com\/jujuy\/la-teoria-de-la-conspiracion-que-se-hizo-tan-viral-como-el-covid-19\/","title":{"rendered":"La teor\u00eda de la conspiraci\u00f3n que se hizo tan viral como el covid-19"},"content":{"rendered":"\n<p> La creencia de que la tecnolog\u00eda 5G est\u00e1 relacionada con la expansi\u00f3n del coronavirus, surgida como una teor\u00eda de la conspiraci\u00f3n en foros y redes sociales, lleva propag\u00e1ndose por la red desde enero, pero no atrajo la atenci\u00f3n de los medios hasta principios de abril, cuando un ataque a una antena de telefon\u00eda m\u00f3vil en Birmingham dej\u00f3 sin cobertura de red m\u00f3vil a uno de los hospitales de la ciudad brit\u00e1nica. <\/p>\n\n\n\n<div class=\"wp-block-image\"><figure class=\"aligncenter is-resized\"><img decoding=\"async\" loading=\"lazy\" src=\"https:\/\/www.elsaltodiario.com\/uploads\/fotos\/r600\/b2a22998\/conspiracion_Coronavirus_OK.jpg?v=63755397872\" alt=\"5G conspiracion\" width=\"521\" height=\"355\"\/><\/figure><\/div>\n\n\n\n<p>l primer ataque se produjo el 2 de abril. Los servicios de emergencias recibieron una llamada que alertaba de un incendio en una antena de telefon\u00eda m\u00f3vil de Birmingham. Al d\u00eda siguiente fue Liverpool.<\/p>\n\n\n\n<p> Despu\u00e9s hubo muchos m\u00e1s: en total 50 ataques a antenas en Reino Unido en solo un mes. La patronal de las empresas del sector, Mobile UK, ha denunciado que sus ingenieros y de mantenimiento se han visto sometidos a acoso y agresiones en 80 ocasiones.<\/p>\n\n\n\n<p> Estas cifras han convertido al pa\u00eds en el centro del fen\u00f3meno, pero tambi\u00e9n se han producido ataques en B\u00e9lgica, Irlanda, Chipre y Pa\u00edses Bajos.<\/p>\n\n\n\n<p>Aunque las autoridades creen que se trata de individuos aislados que han actuado por su cuenta, todos los ataques responden a una misma motivaci\u00f3n: la creencia de que la tecnolog\u00eda 5G est\u00e1 relacionada con la propagaci\u00f3n del coronavirus. <\/p>\n\n\n\n<figure class=\"wp-block-image\"><img decoding=\"async\" src=\"https:\/\/www.65ymas.com\/uploads\/s1\/11\/24\/33\/5g.jpeg\" alt=\"El 5G llega a Espa\u00f1a: las 15 ciudades que tendr\u00e1n esta re...\"\/><\/figure>\n\n\n\n<p>Esta, surgida como una teor\u00eda de la conspiraci\u00f3n en foros y redes sociales, lleva extendi\u00e9ndose por la red desde enero, pero no atrajo la atenci\u00f3n de los medios hasta principios de abril, cuando el ataque en Birmingham dej\u00f3 sin cobertura de red m\u00f3vil a uno de los hospitales de la ciudad. La atenci\u00f3n aliment\u00f3 el fen\u00f3meno e impuls\u00f3 su propagaci\u00f3n por grupos contrarios a la tecnolog\u00eda 5G. <\/p>\n\n\n\n<p>Adem\u00e1s, encontr\u00f3 eco en grupos antivacunas y contrarios a las ondas electromagn\u00e9ticas, que replicaban los v\u00eddeos y post a medida que Facebook, YouTube y Twitter los eliminaban. La teor\u00eda de la conspiraci\u00f3n crec\u00eda.<\/p>\n\n\n\n<h2>5G Y CORONAVIRUS<\/h2>\n\n\n\n<p>Una investigaci\u00f3n de la agencia de verificaci\u00f3n NewsGuard encontr\u00f3 el origen de la teor\u00eda en una web francesa llamada Les moutons enrag\u00e9s, dedicada a la propagaci\u00f3n de conspiraciones.<\/p>\n\n\n\n<p> El 20 de enero, un post aparecido en la p\u00e1gina afirmaba que la enfermedad estaba relacionada con el espectro de onda utilizado por la tecnolog\u00eda 5G y se\u00f1alaba que en Wuhan se hab\u00edan instalado las antenas justo antes de la propagaci\u00f3n de la pandemia.<\/p>\n\n\n\n<p> Dos d\u00edas despu\u00e9s, un peri\u00f3dico belga llamado\u00a0<em>Het Laatste Nieuws<\/em>\u00a0publicaba una entrevista con un m\u00e9dico local que se hab\u00eda eco de estas mismas afirmaciones. Aunque la entrevista fue eliminada solo unas horas despu\u00e9s, el texto ya circulaba por Facebook en varios idiomas.<\/p>\n\n\n\n<figure class=\"wp-block-image\"><img decoding=\"async\" src=\"https:\/\/fotografias-compromiso.atresmedia.com\/clipping\/cmsimages02\/2020\/02\/13\/705573A1-78B4-41CB-B8AD-E847D7710BAD\/58.jpg\" alt=\"Suiza paraliza el despliegue del 5G por las dudas sobre sus ...\"\/><\/figure>\n\n\n\n<p>El salto cualitativo en la expansi\u00f3n de la teor\u00eda se produjo sobre todo a partir de la publicaci\u00f3n de un v\u00eddeo de Thomas Cowan, un m\u00e9dico estadounidense que afirmaba que las antenas 5G produc\u00edan una \u201cintoxicaci\u00f3n\u201d en las c\u00e9lulas<a><\/a><\/p>\n\n\n\n<p>Sin embargo, el salto cualitativo en la expansi\u00f3n de la teor\u00eda se produjo sobre todo a partir de la publicaci\u00f3n de un v\u00eddeo de Thomas Cowan, un m\u00e9dico estadounidense que afirmaba que las antenas 5G produc\u00edan una \u201cintoxicaci\u00f3n\u201d en las c\u00e9lulas.<\/p>\n\n\n\n<p> Esta intoxicaci\u00f3n provocaba que segregasen una sustancia nociva para el cuerpo que generaba la enfermedad del covid-19. Para sostener su argumentaci\u00f3n, Cowan continuaba diciendo que este tipo de pandemias se producen cada vez que se da un \u201csalto cu\u00e1ntico\u201d en la \u201celectrificaci\u00f3n de la Tierra\u201d.<\/p>\n\n\n\n<p> El ejemplo era la gripe espa\u00f1ola de 1918, que se habr\u00eda producido un a\u00f1o despu\u00e9s de que se instalasen las antenas para la radio comercial. La pandemia actual habr\u00eda comenzado en Wuhan porque era la primera ciudad en la que habr\u00edan comenzado a funcionar las antenas 5G.<\/p>\n\n\n\n<figure class=\"wp-block-image\"><img decoding=\"async\" src=\"https:\/\/ciudadanospormexico.org\/wp-content\/uploads\/2019\/10\/378740855_highres.jpg\" alt=\"Protesta en contra de la Implementaci\u00f3n de 5G de la Tecnolog\u00eda ...\"\/><\/figure>\n\n\n\n<p>A pesar de la formaci\u00f3n acad\u00e9mica y el supuesto aire cient\u00edfico que Cowan daba a sus explicaciones, nada de lo que conten\u00eda el v\u00eddeo era cierto. Los virus no son el producto de una excreci\u00f3n de las c\u00e9lulas y las pandemias no tienen nada que ver con la colocaci\u00f3n de antenas.<\/p>\n\n\n\n<p>Las peores pandemias que ha sufrido la humanidad se produjeron mucho antes de que estas existieran, como la viruela durante la colonizaci\u00f3n de Am\u00e9rica o las diferentes oleadas de peste por todo el mundo. Adem\u00e1s, en 1918 las antenas de radio ni siquiera funcionaban: las primeras emisiones de radio comercial no se produjeron hasta 1920.<\/p>\n\n\n\n<p> Tampoco es cierto que Wuhan fuese la primera ciudad con antenas 5G, ni siquiera la primera de China: en noviembre de 2019 ya se instalaron en ciudades como Pek\u00edn o Sanghai.<\/p>\n\n\n\n<figure class=\"wp-block-image\"><img decoding=\"async\" src=\"https:\/\/www.redaccionmedica.com\/images\/destacados\/teorias-del-coronavirus-arma-biologica-virus-remoto-con-5g--1369.jpg\" alt=\"Teor\u00edas \u2192 Origen Coronavirus: \u00bfArma biol\u00f3gica, Tecnolog\u00eda 5G?\"\/><\/figure>\n\n\n\n<p>Por supuesto, tampoco hay nada de cierto en el uso del t\u00e9rmino \u201ccu\u00e1ntico\u201d, que se ha convertido en el adjetivo preferido de todos los charlatanes y conspiranoicos que quieren darle un barniz cient\u00edfico a sus teor\u00edas.<\/p>\n\n\n\n<p> El propio Cowan lo es: en su web, ahora ca\u00edda, afirmaba basarse en pr\u00e1cticas como la antroposof\u00eda y la homeopat\u00eda, desde hace varios a\u00f1os es un referente para los antivacunas y actualmente est\u00e1 siendo investigado por el comit\u00e9 m\u00e9dico de California, que est\u00e1 valorando la retirada de la licencia despu\u00e9s de que en 2017 administrase medicamentos no probados a una paciente con c\u00e1ncer de mama.<\/p>\n\n\n\n<p>Subido a YouTube el 12 de marzo, el v\u00eddeo de Cowan se hizo viral enseguida: en una semana hab\u00eda alcanzado ya las 400.000 visitas y hab\u00eda sido compartido 16.000 veces.<\/p>\n\n\n\n<p>Su impulso se produjo sobre todo gracias a personajes conocidos que lo compartieron en sus cuentas en redes sociales, como la cantante Keri Hilson, que lo tuite\u00f3 a sus 2,3 millones de seguidores, o el actor Woody Harrelson, que lo comparti\u00f3 en su cuenta de Intagram, tambi\u00e9n con dos millones de seguidores.<\/p>\n\n\n\n<figure class=\"wp-block-image\"><img decoding=\"async\" src=\"https:\/\/www.lavanguardia.com\/r\/GODO\/LV\/p7\/WebSite\/2020\/04\/03\/Recortada\/2020-03-24T101536Z_722995172_RC2AQF9HFYF8_RTRMADP_3_HEALTH-CORONAVIRUS-CHINA-5G_20200324112533-k0RG--656x437@LaVanguardia-Web.jpg\" alt=\"Hay gente que cree que la tecnolog\u00eda 5G es la responsable de la ...\"\/><\/figure>\n\n\n\n<p> Aunque las cr\u00edticas hicieron que ambos borraran las publicaciones y el v\u00eddeo fuese retirado de YouTube, sigui\u00f3 circulando en Facebook, Twitter e Intagram.<\/p>\n\n\n\n<p>Las noticias sobre los ataques contra antenas a principios de abril dispararon la atenci\u00f3n por la teor\u00eda, y otros personajes conocidos la alimentaron tambi\u00e9n en sus redes sociales, como el actor John Cusack, celebridades de la televisi\u00f3n brit\u00e1nica como Amanda Holden o raperos como M.I.A y Wiz Khalifa.<\/p>\n\n\n\n<p> Aunque desde la \u00faltima semana Facebook ha hecho un intento de controlar la extensi\u00f3n de la teor\u00eda eliminando este tipo de publicaciones, los post han seguido circulando por foros y redes sociales uni\u00e9ndose a otras teor\u00edas que tambi\u00e9n especulaban sobre la tecnolog\u00eda 5G y el origen del virus.<\/p>\n\n\n\n<h2>CONSPIRANOIA Y GUERRA COMERCIAL<\/h2>\n\n\n\n<p>Una de las causas que explican la r\u00e1pida difusi\u00f3n de esta teor\u00eda es que se ha extendido por terreno abonado. Las teor\u00edas conspiranoicas sobre el 5G llevan circulando desde 2016, cuando los medios comenzaron a cubrir las noticias del desarrollo de esta quinta generaci\u00f3n de tecnolog\u00eda m\u00f3vil por empresas como Ericsson y Huawei. <\/p>\n\n\n\n<p>Sin embargo, su extensi\u00f3n se produjo sobre todo en 2019, cuando se anunciaron los planes para extender esta red de forma masiva en las principales ciudades del mundo y lograr as\u00ed que estuviera operativa en 2020.<\/p>\n\n\n\n<figure class=\"wp-block-image\"><img decoding=\"async\" src=\"https:\/\/img.unocero.com\/2020\/03\/red-5g-coronavirus-880x495.jpg\" alt=\"Colombia comienza prueba de la red 5G para combatir el coronavirus\"\/><\/figure>\n\n\n\n<p> A partir de entonces, se not\u00f3 un incremento de los post y tuits que vinculaban estas antenas con riesgos para la salud y con la muerte de animales y plantas en los lugares donde se instalaban.<\/p>\n\n\n\n<p>Seg\u00fan estas teor\u00edas, la causa ser\u00eda la radiaci\u00f3n electromagn\u00e9tica, que provocar\u00eda enfermedades como c\u00e1ncer y migra\u00f1as, adem\u00e1s de la muerte de p\u00e1jaros y \u00e1rboles en las inmediaciones de las antenas.<\/p>\n\n\n\n<p> Cuando estall\u00f3 la crisis del covid-19, muchos de los partidarios de estas teor\u00edas creyeron ver confirmadas sus sospechas: el virus era la prueba de que las antenas eran nocivas.<\/p>\n\n\n\n<p>Adem\u00e1s de la teor\u00eda de Cowan sobre el 5G como causa del coronavirus, surgi\u00f3 otra que afirmaba que las antenas aceleraban la propagaci\u00f3n de la pandemia al debilitar al sistema inmunitario, lo que impedir\u00eda al cuerpo combatir la enfermedad. <\/p>\n\n\n\n<p>Tambi\u00e9n una tercera que afirmaba que los virus pueden viajar por las ondas electromagn\u00e9ticas. Esta \u00faltima se basaba en un estudio de 2011 que suger\u00eda que las bacterias podr\u00edan producir este tipo de ondas para comunicarse. Los resultados del estudio han sido muy discutidos y en cualquier caso se refieren a bacterias, muy diferentes de los virus, pero eso no ha impedido que la teor\u00eda circule.<\/p>\n\n\n\n<figure class=\"wp-block-image\"><img decoding=\"async\" src=\"https:\/\/media.metrolatam.com\/2020\/04\/06\/5gcoronavirusfjf-fd2209944ed164d2ccf2a9bc70afa3ee-1200x800.jpg\" alt=\"Coronavirus: brit\u00e1nicos incendian antenas 5G tras culparlas de la ...\"\/><\/figure>\n\n\n\n<p> Como las otras, ignoraba el hecho de que la enfermedad tambi\u00e9n se ha propagado por lugares que no tienen todav\u00eda cobertura 5G, como Ir\u00e1n.<\/p>\n\n\n\n<p>Las teor\u00edas en torno al 5G y el coronavirus no han estado centradas \u00fanicamente en los problemas de salud, sino tambi\u00e9n en cuestiones pol\u00edticas<a><\/a><\/p>\n\n\n\n<p>Pero las teor\u00edas en torno al 5G y el coronavirus no han estado centradas \u00fanicamente en los problemas de salud, sino tambi\u00e9n en cuestiones pol\u00edticas. <\/p>\n\n\n\n<p>Se han extendido teor\u00edas como que Bill Gates estar\u00eda detr\u00e1s de la propagaci\u00f3n del virus o que el encierro masivo durante la pandemia era una conspiraci\u00f3n de los gobiernos para instalar las antenas de 5G sin que la gente pudiese oponerse a ello.<\/p>\n\n\n\n<figure class=\"wp-block-image\"><img decoding=\"async\" src=\"https:\/\/www.cambio16.com\/wp-content\/uploads\/2020\/04\/5G-660x330.jpg\" alt=\"Teor\u00edas conspirativas contra la tecnolog\u00eda 5G dispara la quema de ...\"\/><\/figure>\n\n\n\n<p>De nuevo, estas teor\u00edas de corte pol\u00edtico se han encontrado con terreno abonado: en el contexto de la guerra comercial entre China y Estados Unidos, la administraci\u00f3n Trump ha acusado a las compa\u00f1\u00edas chinas de telefon\u00eda m\u00f3vil que operaban en su territorio, ZET y Huawei, de servir como esp\u00edas para el gobierno de su pa\u00eds.<\/p>\n\n\n\n<p> Esta guerra contra las compa\u00f1\u00edas chinas, que ha tenido episodios escabrosos como la detenci\u00f3n en Canad\u00e1 de Meng Wanzhou, hija del fundador de Huawei y directiva de la compa\u00f1\u00eda, o las presiones a otros pa\u00edses, como la visita que recibimos en Espa\u00f1a de Robert Strayer, subsecretario de Estado, acab\u00f3 en un veto en mayo del a\u00f1o pasado que prohibi\u00f3 que operasen en Estados Unidos y que las empresas estadounidenses colaboren con ellas o compren su material.<\/p>\n\n\n\n<p>Aunque este veto tuvo que levantarse parcialmente despu\u00e9s por los problemas que supon\u00eda de cobertura en algunas zonas del pa\u00eds y por los problemas para empresas como Google o Apple, la guerra tecnol\u00f3gica contra China ha seguido su curso en medio de un clima de paranoia alentado por el propio gobierno.<\/p>\n\n\n\n<figure class=\"wp-block-image\"><img decoding=\"async\" src=\"https:\/\/i1.wp.com\/www.benaventedigital.es\/wp-content\/uploads\/2018\/09\/5g-resintonizar.jpg?fit=765%2C430&amp;ssl=1\" alt=\"Resintonizar de nuevo los canales con otras frecuencias para dejar ...\"\/><\/figure>\n\n\n\n<p>No hay ninguna prueba de que los dispositivos o las antenas de Huawei esp\u00eden para el gobierno chino, y las investigaciones de Holanda y Reino Unido no han arrojado evidencias<a><\/a><\/p>\n\n\n\n<p>Lo cierto es que no hay ninguna prueba de que los dispositivos o las antenas de Huawei esp\u00eden para el gobierno chino, y las investigaciones de Holanda y Reino Unido no han arrojado evidencias.<\/p>\n\n\n\n<p> Por otro lado, si hay un pa\u00eds que ha espiado de forma masiva dentro y fuera de sus fronteras ha sido Estados Unidos, como demostraron las filtraciones de Snowden.<\/p>\n\n\n\n<p>Pero lo cierto es que todo eso importa poco: lo que hay detr\u00e1s de las acusaciones de espionaje es un intento de frenar el liderazgo de China en la tecnolog\u00eda 5G, en la que Estados Unidos ha quedado rezagado. <\/p>\n\n\n\n<figure class=\"wp-block-image\"><img decoding=\"async\" src=\"https:\/\/hipertextual.com\/files\/2020\/01\/hipertextual-5g-nueva-conspiracion-favorita-internet-algunos-politicos-2020580124-860x483.jpg\" alt=\"Peligros del 5G: la conspiraci\u00f3n favorita de internet\"\/><\/figure>\n\n\n\n<p>Si unimos a esto el crecimiento del PIB chino en 2019, el doble que el estadounidense, y el cada vez m\u00e1s probable desplazamiento del eje geopol\u00edtico mundial a Asia, podremos completar el puzle del clima de paranoia anti China que trata de crear la administraci\u00f3n Trump.<\/p>\n\n\n\n<p>Esta paranoia ha sido alimentada con acusaciones por parte del propio presidente de que el pa\u00eds asi\u00e1tico habr\u00eda creado el virus en un laboratorio de Wuhan o de estar ocultando informaci\u00f3n sobre su origen y las cifras reales de muertes por parte del secretario de Estado Mike Pompeo.<\/p>\n\n\n\n<p>Aunque las consecuencias de la crisis del covid-19 todav\u00eda son dif\u00edciles de predecir, no parece que Estados Unidos vaya a salir m\u00e1s reforzado que el pa\u00eds asi\u00e1tico de la pandemia, por lo que es de esperar que estas acusaciones contin\u00faen y tengan efectos dispares.<\/p>\n\n\n\n<p> La difusi\u00f3n de noticias falsas y teor\u00edas de la conspiraci\u00f3n en la red responde a diferentes causas, como el miedo o la falta de informaci\u00f3n, pero crece en un contexto pol\u00edtico donde la propagaci\u00f3n de bulos se ha convertido en un arma pol\u00edtica habitual, especialmente en la extrema derecha<\/p>\n\n\n\n<figure class=\"wp-block-image\"><img decoding=\"async\" src=\"https:\/\/hipertextual.com\/files\/2020\/01\/hipertextual-5g-nueva-conspiracion-favorita-internet-algunos-politicos-2020086723-860x427.jpg\" alt=\"Peligros del 5G: la conspiraci\u00f3n favorita de internet\"\/><\/figure>\n","protected":false},"excerpt":{"rendered":"<p>La creencia de que la tecnolog\u00eda 5G est\u00e1 relacionada con la expansi\u00f3n del coronavirus, surgida como una teor\u00eda de la conspiraci\u00f3n en foros y redes sociales, lleva propag\u00e1ndose por la red desde enero, pero no atrajo la atenci\u00f3n de los medios hasta principios de abril, cuando un ataque a una antena de telefon\u00eda m\u00f3vil en [&hellip;]<\/p>\n","protected":false},"author":40,"featured_media":241776,"comment_status":"open","ping_status":"open","sticky":false,"template":"","format":"standard","meta":{"_stopmodifiedupdate":false,"_modified_date":"","inline_featured_image":false},"categories":[17],"tags":[],"jetpack_featured_media_url":"https:\/\/notinor.com\/jujuy\/wp-content\/uploads\/2020\/05\/conspiracion_Coronavirus_OK.jpg","_links":{"self":[{"href":"https:\/\/notinor.com\/jujuy\/wp-json\/wp\/v2\/posts\/241771"}],"collection":[{"href":"https:\/\/notinor.com\/jujuy\/wp-json\/wp\/v2\/posts"}],"about":[{"href":"https:\/\/notinor.com\/jujuy\/wp-json\/wp\/v2\/types\/post"}],"author":[{"embeddable":true,"href":"https:\/\/notinor.com\/jujuy\/wp-json\/wp\/v2\/users\/40"}],"replies":[{"embeddable":true,"href":"https:\/\/notinor.com\/jujuy\/wp-json\/wp\/v2\/comments?post=241771"}],"version-history":[{"count":1,"href":"https:\/\/notinor.com\/jujuy\/wp-json\/wp\/v2\/posts\/241771\/revisions"}],"predecessor-version":[{"id":241777,"href":"https:\/\/notinor.com\/jujuy\/wp-json\/wp\/v2\/posts\/241771\/revisions\/241777"}],"wp:featuredmedia":[{"embeddable":true,"href":"https:\/\/notinor.com\/jujuy\/wp-json\/wp\/v2\/media\/241776"}],"wp:attachment":[{"href":"https:\/\/notinor.com\/jujuy\/wp-json\/wp\/v2\/media?parent=241771"}],"wp:term":[{"taxonomy":"category","embeddable":true,"href":"https:\/\/notinor.com\/jujuy\/wp-json\/wp\/v2\/categories?post=241771"},{"taxonomy":"post_tag","embeddable":true,"href":"https:\/\/notinor.com\/jujuy\/wp-json\/wp\/v2\/tags?post=241771"}],"curies":[{"name":"wp","href":"https:\/\/api.w.org\/{rel}","templated":true}]}}