{"id":241756,"date":"2020-05-27T16:03:10","date_gmt":"2020-05-27T19:03:10","guid":{"rendered":"https:\/\/notinor.com\/jujuy\/?p=241756"},"modified":"2020-05-27T16:03:15","modified_gmt":"2020-05-27T19:03:15","slug":"progresa-la-regularizacion-de-cooperativas-de-trabajo","status":"publish","type":"post","link":"https:\/\/notinor.com\/jujuy\/progresa-la-regularizacion-de-cooperativas-de-trabajo\/","title":{"rendered":"Progresa la regularizaci\u00f3n de Cooperativas de Trabajo"},"content":{"rendered":"\n<figure class=\"wp-block-image size-large\"><img decoding=\"async\" loading=\"lazy\" width=\"641\" height=\"480\" src=\"https:\/\/notinor.com\/jujuy\/wp-content\/uploads\/2020\/05\/caimancito-641x480.jpg\" alt=\"\" class=\"wp-image-241757\" srcset=\"https:\/\/notinor.com\/jujuy\/wp-content\/uploads\/2020\/05\/caimancito-641x480.jpg 641w, https:\/\/notinor.com\/jujuy\/wp-content\/uploads\/2020\/05\/caimancito-487x365.jpg 487w, https:\/\/notinor.com\/jujuy\/wp-content\/uploads\/2020\/05\/caimancito.jpg 750w\" sizes=\"(max-width: 641px) 100vw, 641px\" \/><\/figure>\n\n\n\n<p class=\"has-background has-vivid-cyan-blue-background-color\"><strong>El ministro de Trabajo y Empleo, Normando \u00c1lvarez Garc\u00eda, visit\u00f3 a productores madereros de Caimancito en el marco de las acciones que lleva adelante el Ejecutivo provincial para acompa\u00f1ar a sectores del aparato econ\u00f3mico local, estimular la rehabilitaci\u00f3n de los distintos rubros y as\u00ed evitar que decaiga la actividad.<\/strong><\/p>\n\n\n\n<p>En ese contexto, se realizaron reuniones con representantes\nde distintas cooperativas, de las que tambi\u00e9n tom\u00f3 parte el intendente Daniel\nGurrieri.<\/p>\n\n\n\n<p>El director de Econom\u00edas Sociales, Cooperativas y Mutuales,\nGabriel Pizarro, consider\u00f3 que la visita del ministro constituy\u00f3 \u201cuna gran\noportunidad para poner en marcha la decisi\u00f3n pol\u00edtica de fortalecer las\ncooperativas\u201d y puntualiz\u00f3 que este proceso de normalizaci\u00f3n y regularizaci\u00f3n\n\u201ces un paso fundamental para que gobierno y cooperativistas generen una\nmec\u00e1nica de trabajo conjunto\u201d.<\/p>\n\n\n\n<p>\u201cEstar al frente de una cooperativa requiere\nresponsabilidad, ya que hay gente y familias que dependen de los fondos que\ningresen, por ello es que anhelamos darles todo el apoyo a estas instituciones\npara que regularicen su situaci\u00f3n cuanto antes\u201d, enfatiz\u00f3.<\/p>\n\n\n\n<p>Gurrieri, a su turno, indic\u00f3 que \u201cla idea es colaborar con\nla reactivaci\u00f3n de trabajo de estas cooperativas\u201d, entre las cuales cit\u00f3 a\nCOOTRAM y San Cayetano. \u201cEs importante que cuenten con toda la documentaci\u00f3n\nrequerida para as\u00ed estar en condiciones de recibir fondos para trabajar en\nobras gestionadas por la provincia\u201d, agreg\u00f3.<\/p>\n","protected":false},"excerpt":{"rendered":"<p>El ministro de Trabajo y Empleo, Normando \u00c1lvarez Garc\u00eda, visit\u00f3 a productores madereros de Caimancito en el marco de las acciones que lleva adelante el Ejecutivo provincial para acompa\u00f1ar a sectores del aparato econ\u00f3mico local, estimular la rehabilitaci\u00f3n de los distintos rubros y as\u00ed evitar que decaiga la actividad. En ese contexto, se realizaron reuniones [&hellip;]<\/p>\n","protected":false},"author":5,"featured_media":241757,"comment_status":"open","ping_status":"open","sticky":false,"template":"","format":"standard","meta":{"_stopmodifiedupdate":false,"_modified_date":"","inline_featured_image":false},"categories":[4],"tags":[],"jetpack_featured_media_url":"https:\/\/notinor.com\/jujuy\/wp-content\/uploads\/2020\/05\/caimancito.jpg","_links":{"self":[{"href":"https:\/\/notinor.com\/jujuy\/wp-json\/wp\/v2\/posts\/241756"}],"collection":[{"href":"https:\/\/notinor.com\/jujuy\/wp-json\/wp\/v2\/posts"}],"about":[{"href":"https:\/\/notinor.com\/jujuy\/wp-json\/wp\/v2\/types\/post"}],"author":[{"embeddable":true,"href":"https:\/\/notinor.com\/jujuy\/wp-json\/wp\/v2\/users\/5"}],"replies":[{"embeddable":true,"href":"https:\/\/notinor.com\/jujuy\/wp-json\/wp\/v2\/comments?post=241756"}],"version-history":[{"count":1,"href":"https:\/\/notinor.com\/jujuy\/wp-json\/wp\/v2\/posts\/241756\/revisions"}],"predecessor-version":[{"id":241758,"href":"https:\/\/notinor.com\/jujuy\/wp-json\/wp\/v2\/posts\/241756\/revisions\/241758"}],"wp:featuredmedia":[{"embeddable":true,"href":"https:\/\/notinor.com\/jujuy\/wp-json\/wp\/v2\/media\/241757"}],"wp:attachment":[{"href":"https:\/\/notinor.com\/jujuy\/wp-json\/wp\/v2\/media?parent=241756"}],"wp:term":[{"taxonomy":"category","embeddable":true,"href":"https:\/\/notinor.com\/jujuy\/wp-json\/wp\/v2\/categories?post=241756"},{"taxonomy":"post_tag","embeddable":true,"href":"https:\/\/notinor.com\/jujuy\/wp-json\/wp\/v2\/tags?post=241756"}],"curies":[{"name":"wp","href":"https:\/\/api.w.org\/{rel}","templated":true}]}}