{"id":241747,"date":"2020-05-27T15:47:14","date_gmt":"2020-05-27T18:47:14","guid":{"rendered":"https:\/\/notinor.com\/jujuy\/?p=241747"},"modified":"2020-05-27T15:47:15","modified_gmt":"2020-05-27T18:47:15","slug":"cuanto-es-el-monto-del-segundo-bono-del-ingreso-familiar-de-emergencia","status":"publish","type":"post","link":"https:\/\/notinor.com\/jujuy\/cuanto-es-el-monto-del-segundo-bono-del-ingreso-familiar-de-emergencia\/","title":{"rendered":"Cu\u00e1nto es el monto del segundo bono del Ingreso Familiar de Emergencia"},"content":{"rendered":"\n<p>La Anses junto con el Gobierno indicaron que a partir de la\nprimera semana de junio se relanza el bono del IFE.<\/p>\n\n\n\n<figure class=\"wp-block-image size-large\"><img decoding=\"async\" loading=\"lazy\" width=\"750\" height=\"389\" src=\"https:\/\/notinor.com\/jujuy\/wp-content\/uploads\/2020\/05\/ife-junio.jpg\" alt=\"\" class=\"wp-image-241751\" srcset=\"https:\/\/notinor.com\/jujuy\/wp-content\/uploads\/2020\/05\/ife-junio.jpg 750w, https:\/\/notinor.com\/jujuy\/wp-content\/uploads\/2020\/05\/ife-junio-660x342.jpg 660w\" sizes=\"(max-width: 750px) 100vw, 750px\" \/><\/figure>\n\n\n\n<p class=\"has-background has-vivid-cyan-blue-background-color\"><strong>El Gobierno Nacional inform\u00f3 que a partir de la primera semana de junio se relanza el bono del Ingreso Familiar de Emergencia (IFE) que entreg\u00f3 la Administraci\u00f3n Nacional de la Seguridad Social (Anses) como ayuda a las familias perjudicadas por la cuarentena para frenar la expansi\u00f3n del coronavirus.<\/strong><\/p>\n\n\n\n<p>El monto del mes anterior de $10.000, por lo que se cree que\nla segunda tanda ser\u00e1 del mismo. El jefe de Gabinete, Santiago Cafiero, neg\u00f3 la\ninformaci\u00f3n que circul\u00f3 sobre que el monto iba a ser menor que el anterior.\n\u201cEstamos extendiendo un segundo pago de IFE para el mes de mayo, a cobrar en\njunio\u201d.<\/p>\n\n\n\n<p>Y aclar\u00f3: \u201cProbablemente sea el mismo monto. Tambi\u00e9n estamos\nevaluando la zona geogr\u00e1fica, porque hay provincias que ya retomaron su\nactividad. Pero tampoco queremos generar un problema en los ingresos de la\nfamilia\u201d.<\/p>\n\n\n\n<p>La segunda ronda del IFE comenzar\u00eda abonarse en junio cuando\nconcluya el pago de la primera etapa. \u201cSon medidas de escala enorme. Esto es\npara familias que no est\u00e1n registradas, porque el IFE opera sobre los\ntrabajadores no registrados. En la zona m\u00e1s informal trabajamos con el IFE, en\nla formal con el ATP, y hacemos una pol\u00edtica in\u00e9dita de contenci\u00f3n del empleo\u201d,\nreforz\u00f3 Cafiero.<\/p>\n\n\n\n<p>En declaraciones radiales, el jefe de ministros dijo que\nesta ayuda \u201cllega a 9 millones de personas\u201d, y agreg\u00f3: \u201cEs una medida de escala\nenorme, lo mismo que el programa ATP. Son dos planes muy grandes\u201d.<\/p>\n\n\n\n<p>Sobre la cuarentena, dijo: \u201cLa Argentina es hoy uno de los\ncinco pa\u00edses del mundo que mejor contuvo el trabajo en el marco de la\npandemia\u201d.<\/p>\n\n\n\n<p>El IFE es compatible con el cobro de la Asignaci\u00f3n Universal\npor Hijo, la Asignaci\u00f3n por Embarazo y el programa Progresar. Una vez\nfinalizado el pago a los solicitantes aprobados, Anses volver\u00e1 a abrir una\nnueva instancia para aquellos casos en los que no fueron aprobados por haberse\nproducido cambios la situaci\u00f3n laboral o familiar sobre las que el organismo no\ntenga registro.<\/p>\n","protected":false},"excerpt":{"rendered":"<p>La Anses junto con el Gobierno indicaron que a partir de la primera semana de junio se relanza el bono del IFE. El Gobierno Nacional inform\u00f3 que a partir de la primera semana de junio se relanza el bono del Ingreso Familiar de Emergencia (IFE) que entreg\u00f3 la Administraci\u00f3n Nacional de la Seguridad Social (Anses) [&hellip;]<\/p>\n","protected":false},"author":5,"featured_media":241751,"comment_status":"open","ping_status":"open","sticky":false,"template":"","format":"standard","meta":{"_stopmodifiedupdate":false,"_modified_date":"","inline_featured_image":false},"categories":[5],"tags":[],"jetpack_featured_media_url":"https:\/\/notinor.com\/jujuy\/wp-content\/uploads\/2020\/05\/ife-junio.jpg","_links":{"self":[{"href":"https:\/\/notinor.com\/jujuy\/wp-json\/wp\/v2\/posts\/241747"}],"collection":[{"href":"https:\/\/notinor.com\/jujuy\/wp-json\/wp\/v2\/posts"}],"about":[{"href":"https:\/\/notinor.com\/jujuy\/wp-json\/wp\/v2\/types\/post"}],"author":[{"embeddable":true,"href":"https:\/\/notinor.com\/jujuy\/wp-json\/wp\/v2\/users\/5"}],"replies":[{"embeddable":true,"href":"https:\/\/notinor.com\/jujuy\/wp-json\/wp\/v2\/comments?post=241747"}],"version-history":[{"count":1,"href":"https:\/\/notinor.com\/jujuy\/wp-json\/wp\/v2\/posts\/241747\/revisions"}],"predecessor-version":[{"id":241752,"href":"https:\/\/notinor.com\/jujuy\/wp-json\/wp\/v2\/posts\/241747\/revisions\/241752"}],"wp:featuredmedia":[{"embeddable":true,"href":"https:\/\/notinor.com\/jujuy\/wp-json\/wp\/v2\/media\/241751"}],"wp:attachment":[{"href":"https:\/\/notinor.com\/jujuy\/wp-json\/wp\/v2\/media?parent=241747"}],"wp:term":[{"taxonomy":"category","embeddable":true,"href":"https:\/\/notinor.com\/jujuy\/wp-json\/wp\/v2\/categories?post=241747"},{"taxonomy":"post_tag","embeddable":true,"href":"https:\/\/notinor.com\/jujuy\/wp-json\/wp\/v2\/tags?post=241747"}],"curies":[{"name":"wp","href":"https:\/\/api.w.org\/{rel}","templated":true}]}}