{"id":241737,"date":"2020-05-27T14:40:41","date_gmt":"2020-05-27T17:40:41","guid":{"rendered":"https:\/\/notinor.com\/jujuy\/?p=241737"},"modified":"2020-05-27T16:47:33","modified_gmt":"2020-05-27T19:47:33","slug":"firma-de-convenio","status":"publish","type":"post","link":"https:\/\/notinor.com\/jujuy\/firma-de-convenio\/","title":{"rendered":"Firma del convenio"},"content":{"rendered":"\n<p>Tal como estaba previsto se firm\u00f3 el Convenio entre el Municipio de Perico y la empresa Triveco. El acto tuvo lugar en el parque Industrial donde la empresa posee el obrador. <\/p>\n\n\n\n<div class=\"wp-block-image\"><figure class=\"aligncenter size-large is-resized\"><img decoding=\"async\" loading=\"lazy\" src=\"https:\/\/notinor.com\/jujuy\/wp-content\/uploads\/2020\/05\/WhatsApp-Image-2020-05-27-at-2.32.36-PM-1.jpeg\" alt=\"\" class=\"wp-image-241738\" width=\"556\" height=\"371\" srcset=\"https:\/\/notinor.com\/jujuy\/wp-content\/uploads\/2020\/05\/WhatsApp-Image-2020-05-27-at-2.32.36-PM-1.jpeg 479w, https:\/\/notinor.com\/jujuy\/wp-content\/uploads\/2020\/05\/WhatsApp-Image-2020-05-27-at-2.32.36-PM-1-400x266.jpeg 400w\" sizes=\"(max-width: 556px) 100vw, 556px\" \/><\/figure><\/div>\n\n\n\n<p>En el acto se escuch\u00f3 la palabra del Prof. Luis Canciani  titular de la empresa Triveco. Qui\u00e9n explico c\u00f3mo se fabrican los ladrillos y bloque Ecol\u00f3gicos. <\/p>\n\n\n\n<p>A su turno el Intendente Lic. Luciano Demarco, destac\u00f3 el proyecto y reitero el apoyo por parte del municipio a emprendedores locales y generar en este caso el reaprovechamiento de los residuos recuperables, inorg\u00e1nicos secos y limpios.<\/p>\n\n\n\n<figure class=\"wp-block-image size-large\"><img decoding=\"async\" loading=\"lazy\" width=\"1280\" height=\"960\" src=\"https:\/\/i2.wp.com\/notinor.com\/jujuy\/wp-content\/uploads\/2020\/05\/WhatsApp-Image-2020-05-27-at-2.32.36-PM-2.jpeg?fit=640%2C480&amp;ssl=1\" alt=\"\" class=\"wp-image-241739\" srcset=\"https:\/\/notinor.com\/jujuy\/wp-content\/uploads\/2020\/05\/WhatsApp-Image-2020-05-27-at-2.32.36-PM-2.jpeg 1280w, https:\/\/notinor.com\/jujuy\/wp-content\/uploads\/2020\/05\/WhatsApp-Image-2020-05-27-at-2.32.36-PM-2-487x365.jpeg 487w, https:\/\/notinor.com\/jujuy\/wp-content\/uploads\/2020\/05\/WhatsApp-Image-2020-05-27-at-2.32.36-PM-2-640x480.jpeg 640w, https:\/\/notinor.com\/jujuy\/wp-content\/uploads\/2020\/05\/WhatsApp-Image-2020-05-27-at-2.32.36-PM-2-768x576.jpeg 768w\" sizes=\"(max-width: 1280px) 100vw, 1280px\" \/><\/figure>\n\n\n\n<p>Destacando que el municipio de Perico es el primero en la elaboraci\u00f3n de ladrillos y bloques ecol\u00f3gicos compuestos por plasticos, cemento y agua.<\/p>\n\n\n\n<figure class=\"wp-block-image size-large\"><img decoding=\"async\" loading=\"lazy\" width=\"479\" height=\"320\" src=\"https:\/\/notinor.com\/jujuy\/wp-content\/uploads\/2020\/05\/WhatsApp-Image-2020-05-27-at-2.32.35-PM.jpeg\" alt=\"\" class=\"wp-image-241741\" srcset=\"https:\/\/notinor.com\/jujuy\/wp-content\/uploads\/2020\/05\/WhatsApp-Image-2020-05-27-at-2.32.35-PM.jpeg 479w, https:\/\/notinor.com\/jujuy\/wp-content\/uploads\/2020\/05\/WhatsApp-Image-2020-05-27-at-2.32.35-PM-400x266.jpeg 400w\" sizes=\"(max-width: 479px) 100vw, 479px\" \/><\/figure>\n\n\n\n<p> Por ultimo la directora del dpto. Ambiente Sta. Anah\u00ed Paredes dijo que se contin\u00faa la campa\u00f1a de recupero del material pl\u00e1stico de los distintos barrios de Perico.<\/p>\n\n\n\n<div class=\"wp-block-image\"><figure class=\"aligncenter size-large is-resized\"><img decoding=\"async\" loading=\"lazy\" src=\"https:\/\/notinor.com\/jujuy\/wp-content\/uploads\/2020\/05\/WhatsApp-Image-2020-05-27-at-2.32.36-PM.jpeg\" alt=\"\" class=\"wp-image-241740\" width=\"547\" height=\"365\" srcset=\"https:\/\/notinor.com\/jujuy\/wp-content\/uploads\/2020\/05\/WhatsApp-Image-2020-05-27-at-2.32.36-PM.jpeg 479w, https:\/\/notinor.com\/jujuy\/wp-content\/uploads\/2020\/05\/WhatsApp-Image-2020-05-27-at-2.32.36-PM-400x266.jpeg 400w\" sizes=\"(max-width: 547px) 100vw, 547px\" \/><\/figure><\/div>\n\n\n\n<p><\/p>\n","protected":false},"excerpt":{"rendered":"<p>Tal como estaba previsto se firm\u00f3 el Convenio entre el Municipio de Perico y la empresa Triveco. El acto tuvo lugar en el parque Industrial donde la empresa posee el obrador. En el acto se escuch\u00f3 la palabra del Prof. Luis Canciani titular de la empresa Triveco. Qui\u00e9n explico c\u00f3mo se fabrican los ladrillos y [&hellip;]<\/p>\n","protected":false},"author":40,"featured_media":241739,"comment_status":"open","ping_status":"open","sticky":false,"template":"","format":"standard","meta":{"_stopmodifiedupdate":false,"_modified_date":"","inline_featured_image":false},"categories":[4],"tags":[],"jetpack_featured_media_url":"https:\/\/notinor.com\/jujuy\/wp-content\/uploads\/2020\/05\/WhatsApp-Image-2020-05-27-at-2.32.36-PM-2.jpeg","_links":{"self":[{"href":"https:\/\/notinor.com\/jujuy\/wp-json\/wp\/v2\/posts\/241737"}],"collection":[{"href":"https:\/\/notinor.com\/jujuy\/wp-json\/wp\/v2\/posts"}],"about":[{"href":"https:\/\/notinor.com\/jujuy\/wp-json\/wp\/v2\/types\/post"}],"author":[{"embeddable":true,"href":"https:\/\/notinor.com\/jujuy\/wp-json\/wp\/v2\/users\/40"}],"replies":[{"embeddable":true,"href":"https:\/\/notinor.com\/jujuy\/wp-json\/wp\/v2\/comments?post=241737"}],"version-history":[{"count":2,"href":"https:\/\/notinor.com\/jujuy\/wp-json\/wp\/v2\/posts\/241737\/revisions"}],"predecessor-version":[{"id":241768,"href":"https:\/\/notinor.com\/jujuy\/wp-json\/wp\/v2\/posts\/241737\/revisions\/241768"}],"wp:featuredmedia":[{"embeddable":true,"href":"https:\/\/notinor.com\/jujuy\/wp-json\/wp\/v2\/media\/241739"}],"wp:attachment":[{"href":"https:\/\/notinor.com\/jujuy\/wp-json\/wp\/v2\/media?parent=241737"}],"wp:term":[{"taxonomy":"category","embeddable":true,"href":"https:\/\/notinor.com\/jujuy\/wp-json\/wp\/v2\/categories?post=241737"},{"taxonomy":"post_tag","embeddable":true,"href":"https:\/\/notinor.com\/jujuy\/wp-json\/wp\/v2\/tags?post=241737"}],"curies":[{"name":"wp","href":"https:\/\/api.w.org\/{rel}","templated":true}]}}