{"id":241723,"date":"2020-05-27T13:27:52","date_gmt":"2020-05-27T16:27:52","guid":{"rendered":"https:\/\/notinor.com\/jujuy\/?p=241723"},"modified":"2020-05-27T14:58:38","modified_gmt":"2020-05-27T17:58:38","slug":"sandra-fabrica-barbijos-caseros-para-sostener-su-hogar","status":"publish","type":"post","link":"https:\/\/notinor.com\/jujuy\/sandra-fabrica-barbijos-caseros-para-sostener-su-hogar\/","title":{"rendered":"Sandra fabrica barbijos caseros para \"sostener su hogar\""},"content":{"rendered":"\n<p><em>La mujer solicita al COE autorizaci\u00f3n para la venta ambulante y as\u00ed poder  solventar los gastos en su hogar. <\/em><\/p>\n\n\n\n<figure class=\"wp-block-embed-youtube wp-block-embed is-type-video is-provider-youtube wp-embed-aspect-16-9 wp-has-aspect-ratio\"><div class=\"wp-block-embed__wrapper\">\n<div class=\"jeg_video_container jeg_video_content\"><iframe loading=\"lazy\" title=\"vendedor ambulante en voz de ayuda y reclamo\" width=\"500\" height=\"281\" src=\"https:\/\/www.youtube.com\/embed\/bp2CmdUWbwU?feature=oembed\" frameborder=\"0\" allow=\"accelerometer; autoplay; encrypted-media; gyroscope; picture-in-picture\" allowfullscreen><\/iframe><\/div>\n<\/div><\/figure>\n\n\n\n<p class=\"has-text-align-justify\"><\/p>\n\n\n\n<p class=\"has-background has-text-align-justify has-vivid-cyan-blue-background-color\">Sandra es una vendedora ambulante, que se ubica por lo general en la calle Alvear y Balcarce, la crisis por el COVID-19 afect\u00f3 a su familia y ahora realiza barbijos caseros para poder salir adelante. <\/p>\n\n\n\n<p class=\"has-text-align-justify\">La mujer solicita al Comit\u00e9 Operativo de Emergencia autorizaci\u00f3n para poder poner su puesto ambulante, antes sol\u00eda vender lencer\u00eda, pero por las disposiciones de las autoridades sanitarias debi\u00f3 buscar otra alternativa.  <\/p>\n","protected":false},"excerpt":{"rendered":"<p>La mujer solicita al COE autorizaci\u00f3n para la venta ambulante y as\u00ed poder solventar los gastos en su hogar. Sandra es una vendedora ambulante, que se ubica por lo general en la calle Alvear y Balcarce, la crisis por el COVID-19 afect\u00f3 a su familia y ahora realiza barbijos caseros para poder salir adelante. La [&hellip;]<\/p>\n","protected":false},"author":37,"featured_media":241743,"comment_status":"open","ping_status":"open","sticky":false,"template":"","format":"standard","meta":{"_stopmodifiedupdate":false,"_modified_date":"","inline_featured_image":false},"categories":[2],"tags":[],"jetpack_featured_media_url":"https:\/\/notinor.com\/jujuy\/wp-content\/uploads\/2020\/05\/sandra.jpg","_links":{"self":[{"href":"https:\/\/notinor.com\/jujuy\/wp-json\/wp\/v2\/posts\/241723"}],"collection":[{"href":"https:\/\/notinor.com\/jujuy\/wp-json\/wp\/v2\/posts"}],"about":[{"href":"https:\/\/notinor.com\/jujuy\/wp-json\/wp\/v2\/types\/post"}],"author":[{"embeddable":true,"href":"https:\/\/notinor.com\/jujuy\/wp-json\/wp\/v2\/users\/37"}],"replies":[{"embeddable":true,"href":"https:\/\/notinor.com\/jujuy\/wp-json\/wp\/v2\/comments?post=241723"}],"version-history":[{"count":2,"href":"https:\/\/notinor.com\/jujuy\/wp-json\/wp\/v2\/posts\/241723\/revisions"}],"predecessor-version":[{"id":241734,"href":"https:\/\/notinor.com\/jujuy\/wp-json\/wp\/v2\/posts\/241723\/revisions\/241734"}],"wp:featuredmedia":[{"embeddable":true,"href":"https:\/\/notinor.com\/jujuy\/wp-json\/wp\/v2\/media\/241743"}],"wp:attachment":[{"href":"https:\/\/notinor.com\/jujuy\/wp-json\/wp\/v2\/media?parent=241723"}],"wp:term":[{"taxonomy":"category","embeddable":true,"href":"https:\/\/notinor.com\/jujuy\/wp-json\/wp\/v2\/categories?post=241723"},{"taxonomy":"post_tag","embeddable":true,"href":"https:\/\/notinor.com\/jujuy\/wp-json\/wp\/v2\/tags?post=241723"}],"curies":[{"name":"wp","href":"https:\/\/api.w.org\/{rel}","templated":true}]}}