{"id":241644,"date":"2020-05-26T21:49:00","date_gmt":"2020-05-27T00:49:00","guid":{"rendered":"https:\/\/notinor.com\/jujuy\/?p=241644"},"modified":"2020-05-27T09:54:31","modified_gmt":"2020-05-27T12:54:31","slug":"reactivacion-de-las-actividades-turisticas-en-la-capital","status":"publish","type":"post","link":"https:\/\/notinor.com\/jujuy\/reactivacion-de-las-actividades-turisticas-en-la-capital\/","title":{"rendered":"Reactivaci\u00f3n de las actividades tur\u00edsticas en la Capital"},"content":{"rendered":"\n<p>Desde la direcci\u00f3n de Turismo, dependiente de la secretar\u00eda\nde Turismo y Cultura de la Municipalidad de San Salvador de Jujuy, est\u00e1n\ntrabajando en la reapertura de las actividades Tur\u00edsticas en la Capital\nmediante visitas guiadas por la ciudad y promociones gastron\u00f3micas.<\/p>\n\n\n\n<figure class=\"wp-block-image size-large\"><img decoding=\"async\" loading=\"lazy\" width=\"641\" height=\"480\" src=\"https:\/\/notinor.com\/jujuy\/wp-content\/uploads\/2020\/05\/Turismo-1-641x480.jpeg\" alt=\"\" class=\"wp-image-241647\" srcset=\"https:\/\/notinor.com\/jujuy\/wp-content\/uploads\/2020\/05\/Turismo-1-641x480.jpeg 641w, https:\/\/notinor.com\/jujuy\/wp-content\/uploads\/2020\/05\/Turismo-1-487x365.jpeg 487w, https:\/\/notinor.com\/jujuy\/wp-content\/uploads\/2020\/05\/Turismo-1.jpeg 750w\" sizes=\"(max-width: 641px) 100vw, 641px\" \/><\/figure>\n\n\n\n<p class=\"has-background has-vivid-cyan-blue-background-color\"><strong>Sobre este tema, la directora de Turismo de la Comuna, Gabriela Canoniero, inform\u00f3 que actualmente hay seis personas encargadas de los guiados por la ciudad en dos turnos, \u201cestamos muy contentos con los recorridos bajo el lema \u201cRedescubr\u00ed tu Ciudad\u201d por el Parque Xibi Xibi y un City Tour por la Capital, ambos gratuitos pero con reserva previa\u201d.<\/strong><\/p>\n\n\n\n<p>Al momento de la inscripci\u00f3n, desde el Municipio Capitalino\nse controla la terminaci\u00f3n del DNI, por lo que se pens\u00f3 el guiado de acuerdo al\njuje\u00f1o. No obstante \u201cest\u00e1n exceptuados los grupos familiares a quienes les\nfacilitamos un voucher\u201d.<\/p>\n\n\n\n<p>En cuanto al fin de semana, la directora de Turismo destac\u00f3\nque \u201cel balance fue muy positivo, tuvimos guiados con cupos minimos pero todos\nse llenaron por lo que salieron dos circuitos. Adem\u00e1s por el Festival del\nLocro, donde todos los vendedores salieron muy contentos y fue muy buena la\nrepercusi\u00f3n de las promociones gastron\u00f3micas\u201d.&nbsp;&nbsp;&nbsp;&nbsp; <\/p>\n\n\n\n<p>Adem\u00e1s Canoniero explic\u00f3 que desde la direcci\u00f3n de Turismo\ntienen a cargo la habilitaci\u00f3n de los hoteles, \u201ctenemos la particularidad de\nque varios hoteles est\u00e1n ocupados por el Comit\u00e9 Operativo de Emergencia (COE) y\npor este motivo tenemos pocos establecimientos habilitados hasta el momento y\ndurante esta semana haremos la fiscalizaci\u00f3n correspondiente a siete hoteles\nm\u00e1s para que comiencen las actividades lo antes posible\u201d.<\/p>\n","protected":false},"excerpt":{"rendered":"<p>Desde la direcci\u00f3n de Turismo, dependiente de la secretar\u00eda de Turismo y Cultura de la Municipalidad de San Salvador de Jujuy, est\u00e1n trabajando en la reapertura de las actividades Tur\u00edsticas en la Capital mediante visitas guiadas por la ciudad y promociones gastron\u00f3micas. Sobre este tema, la directora de Turismo de la Comuna, Gabriela Canoniero, inform\u00f3 [&hellip;]<\/p>\n","protected":false},"author":5,"featured_media":241646,"comment_status":"open","ping_status":"open","sticky":false,"template":"","format":"standard","meta":{"_stopmodifiedupdate":false,"_modified_date":"","inline_featured_image":false,"spay_email":"","jetpack_publicize_message":"Desde la direcci\u00f3n de Turismo, dependiente de la secretar\u00eda de Turismo y Cultura de la Municipalidad de San Salvador de Jujuy, est\u00e1n trabajando en la reapertura de las actividades Tur\u00edsticas en la Capital mediante visitas guiadas por la ciudad y promocione"},"categories":[514],"tags":[],"jetpack_featured_media_url":"https:\/\/notinor.com\/jujuy\/wp-content\/uploads\/2020\/05\/TURISMO1.jpeg","jetpack_publicize_connections":[],"_links":{"self":[{"href":"https:\/\/notinor.com\/jujuy\/wp-json\/wp\/v2\/posts\/241644"}],"collection":[{"href":"https:\/\/notinor.com\/jujuy\/wp-json\/wp\/v2\/posts"}],"about":[{"href":"https:\/\/notinor.com\/jujuy\/wp-json\/wp\/v2\/types\/post"}],"author":[{"embeddable":true,"href":"https:\/\/notinor.com\/jujuy\/wp-json\/wp\/v2\/users\/5"}],"replies":[{"embeddable":true,"href":"https:\/\/notinor.com\/jujuy\/wp-json\/wp\/v2\/comments?post=241644"}],"version-history":[{"count":1,"href":"https:\/\/notinor.com\/jujuy\/wp-json\/wp\/v2\/posts\/241644\/revisions"}],"predecessor-version":[{"id":241648,"href":"https:\/\/notinor.com\/jujuy\/wp-json\/wp\/v2\/posts\/241644\/revisions\/241648"}],"wp:featuredmedia":[{"embeddable":true,"href":"https:\/\/notinor.com\/jujuy\/wp-json\/wp\/v2\/media\/241646"}],"wp:attachment":[{"href":"https:\/\/notinor.com\/jujuy\/wp-json\/wp\/v2\/media?parent=241644"}],"wp:term":[{"taxonomy":"category","embeddable":true,"href":"https:\/\/notinor.com\/jujuy\/wp-json\/wp\/v2\/categories?post=241644"},{"taxonomy":"post_tag","embeddable":true,"href":"https:\/\/notinor.com\/jujuy\/wp-json\/wp\/v2\/tags?post=241644"}],"curies":[{"name":"wp","href":"https:\/\/api.w.org\/{rel}","templated":true}]}}