{"id":241640,"date":"2020-05-26T21:44:00","date_gmt":"2020-05-27T00:44:00","guid":{"rendered":"https:\/\/notinor.com\/jujuy\/?p=241640"},"modified":"2020-05-27T09:48:49","modified_gmt":"2020-05-27T12:48:49","slug":"plan-municipal-contra-la-plaga-del-cochinillo","status":"publish","type":"post","link":"https:\/\/notinor.com\/jujuy\/plan-municipal-contra-la-plaga-del-cochinillo\/","title":{"rendered":"Plan municipal contra la plaga del \u201cCochinillo\u201d"},"content":{"rendered":"\n<p>Operarios de la direcci\u00f3n de Espacios Verdes, de la\nsecretar\u00eda de Servicios P\u00fablicos de la Municipalidad, dieron inicio a un plan\nde tratamiento sanitario a los Lapachos -ubicados sobre avenida Hip\u00f3lito\nYrigoyen-, ante el avance de la plaga del insecto \u201cCochinillo\u201d del g\u00e9nero\nPlanicocus que se fija en las hojas de los \u00e1rboles para posteriormente cubrirse\nde cera.<\/p>\n\n\n\n<figure class=\"wp-block-image size-large\"><img decoding=\"async\" loading=\"lazy\" width=\"720\" height=\"480\" src=\"https:\/\/notinor.com\/jujuy\/wp-content\/uploads\/2020\/05\/COCHI-720x480.jpeg\" alt=\"\" class=\"wp-image-241642\" srcset=\"https:\/\/notinor.com\/jujuy\/wp-content\/uploads\/2020\/05\/COCHI-720x480.jpeg 720w, https:\/\/notinor.com\/jujuy\/wp-content\/uploads\/2020\/05\/COCHI-548x365.jpeg 548w, https:\/\/notinor.com\/jujuy\/wp-content\/uploads\/2020\/05\/COCHI-768x512.jpeg 768w, https:\/\/notinor.com\/jujuy\/wp-content\/uploads\/2020\/05\/COCHI-400x266.jpeg 400w, https:\/\/notinor.com\/jujuy\/wp-content\/uploads\/2020\/05\/COCHI.jpeg 930w\" sizes=\"(max-width: 720px) 100vw, 720px\" \/><\/figure>\n\n\n\n<p class=\"has-background has-vivid-cyan-blue-background-color\"><strong>Rafael Lorhengel, subdirector de Espacios Verdes, precis\u00f3 \u201cel plan se extender\u00e1n en todos los sectores donde se encuentra un lapacho, como es el caso de: Hip\u00f3lito Yrigoyen, 19 de Abril, Centro, Senador P\u00e9rez, Parque San Mart\u00edn, acceso a Ciudad de Nieva por Dr. Carrillo, Almirante Brown, etc.\u201d.<\/strong><\/p>\n\n\n\n<p>El tratamiento sanitario consiste en la fumigaci\u00f3n con una\nmezcla de aceite e insecticida, que permite atacar al insecto por el lado de\nafuera, \u201ccon el aceite para evitar respiraci\u00f3n y por el otro lado el\ninsecticida penetra a la hoja para que en la alimentaci\u00f3n el \u201cCochinillo\u201d\ndesaperezca\u201d.<\/p>\n\n\n\n<p>La fumigaci\u00f3n se desarrollar\u00e1 cada 15 d\u00edas y seg\u00fan el\nresultado en el arbolado, se analizar\u00e1 culminar o darle continuidad a la tarea.\n\u201cExisten zonas en la ciudad que son m\u00e1s secas o h\u00famedas que pueden complicar o\nextender el tratamiento sanitario\u201d, concluy\u00f3.<\/p>\n","protected":false},"excerpt":{"rendered":"<p>Operarios de la direcci\u00f3n de Espacios Verdes, de la secretar\u00eda de Servicios P\u00fablicos de la Municipalidad, dieron inicio a un plan de tratamiento sanitario a los Lapachos -ubicados sobre avenida Hip\u00f3lito Yrigoyen-, ante el avance de la plaga del insecto \u201cCochinillo\u201d del g\u00e9nero Planicocus que se fija en las hojas de los \u00e1rboles para posteriormente [&hellip;]<\/p>\n","protected":false},"author":5,"featured_media":241641,"comment_status":"open","ping_status":"open","sticky":false,"template":"","format":"standard","meta":{"_stopmodifiedupdate":false,"_modified_date":"","inline_featured_image":false,"spay_email":"","jetpack_publicize_message":"Operarios de la direcci\u00f3n de Espacios Verdes, de la secretar\u00eda de Servicios P\u00fablicos de la Municipalidad, dieron inicio a un plan de tratamiento sanitario a los Lapachos -ubicados sobre avenida Hip\u00f3lito Yrigoyen-, ante el avance de la plaga del insecto \u201cCo"},"categories":[514],"tags":[],"jetpack_featured_media_url":"https:\/\/notinor.com\/jujuy\/wp-content\/uploads\/2020\/05\/COCHINI.jpeg","jetpack_publicize_connections":[],"_links":{"self":[{"href":"https:\/\/notinor.com\/jujuy\/wp-json\/wp\/v2\/posts\/241640"}],"collection":[{"href":"https:\/\/notinor.com\/jujuy\/wp-json\/wp\/v2\/posts"}],"about":[{"href":"https:\/\/notinor.com\/jujuy\/wp-json\/wp\/v2\/types\/post"}],"author":[{"embeddable":true,"href":"https:\/\/notinor.com\/jujuy\/wp-json\/wp\/v2\/users\/5"}],"replies":[{"embeddable":true,"href":"https:\/\/notinor.com\/jujuy\/wp-json\/wp\/v2\/comments?post=241640"}],"version-history":[{"count":1,"href":"https:\/\/notinor.com\/jujuy\/wp-json\/wp\/v2\/posts\/241640\/revisions"}],"predecessor-version":[{"id":241643,"href":"https:\/\/notinor.com\/jujuy\/wp-json\/wp\/v2\/posts\/241640\/revisions\/241643"}],"wp:featuredmedia":[{"embeddable":true,"href":"https:\/\/notinor.com\/jujuy\/wp-json\/wp\/v2\/media\/241641"}],"wp:attachment":[{"href":"https:\/\/notinor.com\/jujuy\/wp-json\/wp\/v2\/media?parent=241640"}],"wp:term":[{"taxonomy":"category","embeddable":true,"href":"https:\/\/notinor.com\/jujuy\/wp-json\/wp\/v2\/categories?post=241640"},{"taxonomy":"post_tag","embeddable":true,"href":"https:\/\/notinor.com\/jujuy\/wp-json\/wp\/v2\/tags?post=241640"}],"curies":[{"name":"wp","href":"https:\/\/api.w.org\/{rel}","templated":true}]}}