{"id":241618,"date":"2020-05-27T08:49:51","date_gmt":"2020-05-27T11:49:51","guid":{"rendered":"https:\/\/notinor.com\/jujuy\/?p=241618"},"modified":"2020-05-27T08:49:57","modified_gmt":"2020-05-27T11:49:57","slug":"chile-al-borde-del-colapso-por-el-coronavirus-95-de-las-camas-de-santiago-estan-ocupadas","status":"publish","type":"post","link":"https:\/\/notinor.com\/jujuy\/chile-al-borde-del-colapso-por-el-coronavirus-95-de-las-camas-de-santiago-estan-ocupadas\/","title":{"rendered":"Chile, al borde del colapso por el coronavirus: 95% de las camas de Santiago est\u00e1n ocupadas"},"content":{"rendered":"\n<p><a><em><br>\ue314<\/em><\/a><a><em>\ue315<\/em><\/a><\/p>\n\n\n\n<p><\/p>\n\n\n\n<p>Con 45 muertos en 24 horas por coronavirus en Chile, repiten r\u00e9cord del 21 de mayo. Reportan 3.964 nuevos casos. \"El 15% se hospitalizar\u00e1\", dice el Gobierno.<\/p>\n\n\n\n<figure class=\"wp-block-image size-large\"><img decoding=\"async\" loading=\"lazy\" width=\"1140\" height=\"640\" src=\"https:\/\/i1.wp.com\/notinor.com\/jujuy\/wp-content\/uploads\/2020\/05\/receso-invernal.jpg?fit=840%2C472&amp;ssl=1\" alt=\"\" class=\"wp-image-241620\" srcset=\"https:\/\/notinor.com\/jujuy\/wp-content\/uploads\/2020\/05\/receso-invernal.jpg 1140w, https:\/\/notinor.com\/jujuy\/wp-content\/uploads\/2020\/05\/receso-invernal-650x365.jpg 650w, https:\/\/notinor.com\/jujuy\/wp-content\/uploads\/2020\/05\/receso-invernal-840x472.jpg 840w, https:\/\/notinor.com\/jujuy\/wp-content\/uploads\/2020\/05\/receso-invernal-500x280.jpg 500w, https:\/\/notinor.com\/jujuy\/wp-content\/uploads\/2020\/05\/receso-invernal-768x431.jpg 768w\" sizes=\"(max-width: 1140px) 100vw, 1140px\" \/><\/figure>\n\n\n\n<p>Chile registr\u00f3 hoy 45 nuevos fallecidos en las \u00faltimas 24 horas, la mayor cifra de v\u00edctimas mortales que s\u00f3lo se hab\u00eda alcanzado el 21 de mayo, mientras el n\u00famero total de decesos superaba los 800 y el de nuevos contagios diarios se manten\u00edan cerca de 4.000, pese a cumplirse 10 d\u00edas de cuarentena en la capital.<\/p>\n\n\n\n<p><br> La mayor\u00eda de las 45 nuevas muertes son \"adultos mayores con enfermedades cr\u00f3nicas importantes\" y la cantidad total de decesos por coronavirus en el pa\u00eds era de 806, inform\u00f3 la subsecretaria de Salud, Paula Daza.<\/p>\n\n\n\n<p><\/p>\n\n\n\n<p>La funcionaria detall\u00f3 que se reportaron 3.964 nuevos casos, con 3.618 pacientes que presentaron s\u00edntomas y otros 346 que no lo hicieron, mientras ya se registraban 30.915 recuperados.<\/p>\n\n\n\n<p>El ministro de Salud, Jaime Ma\u00f1alich, advirti\u00f3 que \"el 15% de estos 4.000 casos nuevos diarios va a requerir hospitalizarse\".<\/p>\n\n\n\n<p><br> Chile se acerca a los 78 mil casos de coronavirus: el ministro de Salud Jaime Ma\u00f1alich descarta que el pa\u00eds est\u00e9 colapsado aunque admite una ocupaci\u00f3n del 95% de las camas de los hospitales<\/p>\n\n\n\n<p>Por su parte, el subsecretario de Redes Asistenciales, Arturo Z\u00fa\u00f1iga, inform\u00f3 que hab\u00eda 1.202 pacientes en unidades de cuidados intensivos, con 1.029 conectados a respiradores artificiales y otros 229 en estado cr\u00edtico, en un sistema de salud con 95% de ocupaci\u00f3n de camas cr\u00edticas en la capital chilena y 86% a nivel nacional.<\/p>\n\n\n\n<p>Jaime Ma\u00f1alich descart\u00f3 que el pa\u00eds haya llegado al punto del \"debate por la \u00faltima cama\", pero reconoci\u00f3 que eso \"puede ocurrir en un hospital determinado\".<\/p>\n\n\n\n<p><\/p>\n\n\n\n<p>Chile vive desde el 18 de marzo un estado de excepci\u00f3n constitucional por cat\u00e1strofe por 90 d\u00edas, implementado por el gobierno en medio de la crisis sanitaria generada por el coronavirus.<\/p>\n","protected":false},"excerpt":{"rendered":"<p>\ue314\ue315 Con 45 muertos en 24 horas por coronavirus en Chile, repiten r\u00e9cord del 21 de mayo. Reportan 3.964 nuevos casos. \"El 15% se hospitalizar\u00e1\", dice el Gobierno. Chile registr\u00f3 hoy 45 nuevos fallecidos en las \u00faltimas 24 horas, la mayor cifra de v\u00edctimas mortales que s\u00f3lo se hab\u00eda alcanzado el 21 de mayo, mientras [&hellip;]<\/p>\n","protected":false},"author":1,"featured_media":241620,"comment_status":"open","ping_status":"open","sticky":false,"template":"","format":"standard","meta":{"_stopmodifiedupdate":false,"_modified_date":"","inline_featured_image":false},"categories":[6],"tags":[],"jetpack_featured_media_url":"https:\/\/notinor.com\/jujuy\/wp-content\/uploads\/2020\/05\/receso-invernal.jpg","_links":{"self":[{"href":"https:\/\/notinor.com\/jujuy\/wp-json\/wp\/v2\/posts\/241618"}],"collection":[{"href":"https:\/\/notinor.com\/jujuy\/wp-json\/wp\/v2\/posts"}],"about":[{"href":"https:\/\/notinor.com\/jujuy\/wp-json\/wp\/v2\/types\/post"}],"author":[{"embeddable":true,"href":"https:\/\/notinor.com\/jujuy\/wp-json\/wp\/v2\/users\/1"}],"replies":[{"embeddable":true,"href":"https:\/\/notinor.com\/jujuy\/wp-json\/wp\/v2\/comments?post=241618"}],"version-history":[{"count":1,"href":"https:\/\/notinor.com\/jujuy\/wp-json\/wp\/v2\/posts\/241618\/revisions"}],"predecessor-version":[{"id":241621,"href":"https:\/\/notinor.com\/jujuy\/wp-json\/wp\/v2\/posts\/241618\/revisions\/241621"}],"wp:featuredmedia":[{"embeddable":true,"href":"https:\/\/notinor.com\/jujuy\/wp-json\/wp\/v2\/media\/241620"}],"wp:attachment":[{"href":"https:\/\/notinor.com\/jujuy\/wp-json\/wp\/v2\/media?parent=241618"}],"wp:term":[{"taxonomy":"category","embeddable":true,"href":"https:\/\/notinor.com\/jujuy\/wp-json\/wp\/v2\/categories?post=241618"},{"taxonomy":"post_tag","embeddable":true,"href":"https:\/\/notinor.com\/jujuy\/wp-json\/wp\/v2\/tags?post=241618"}],"curies":[{"name":"wp","href":"https:\/\/api.w.org\/{rel}","templated":true}]}}