{"id":241562,"date":"2020-05-26T23:15:51","date_gmt":"2020-05-27T02:15:51","guid":{"rendered":"https:\/\/notinor.com\/jujuy\/?p=241562"},"modified":"2020-05-27T11:00:32","modified_gmt":"2020-05-27T14:00:32","slug":"otra-enfermedad-que-se-torno-mortal-en-jujuy-y-es-mas-comun-de-lo-que-creias","status":"publish","type":"post","link":"https:\/\/notinor.com\/jujuy\/otra-enfermedad-que-se-torno-mortal-en-jujuy-y-es-mas-comun-de-lo-que-creias\/","title":{"rendered":"Otra enfermedad que se torn\u00f3 mortal en Jujuy y es m\u00e1s com\u00fan de lo que cre\u00edas"},"content":{"rendered":"\n<p>La provincia es la que m\u00e1s casos tiene en Argentina y si no se detecta a tiempo puede matarte.<\/p>\n\n\n\n<figure class=\"wp-block-image size-large\"><img decoding=\"async\" loading=\"lazy\" width=\"2560\" height=\"1440\" src=\"https:\/\/i0.wp.com\/notinor.com\/jujuy\/wp-content\/uploads\/2020\/05\/tubercolisi-scaled.jpg?fit=840%2C473&amp;ssl=1\" alt=\"\" class=\"wp-image-241674\" srcset=\"https:\/\/notinor.com\/jujuy\/wp-content\/uploads\/2020\/05\/tubercolisi-scaled.jpg 2560w, https:\/\/notinor.com\/jujuy\/wp-content\/uploads\/2020\/05\/tubercolisi-649x365.jpg 649w, https:\/\/notinor.com\/jujuy\/wp-content\/uploads\/2020\/05\/tubercolisi-840x473.jpg 840w, https:\/\/notinor.com\/jujuy\/wp-content\/uploads\/2020\/05\/tubercolisi-500x280.jpg 500w, https:\/\/notinor.com\/jujuy\/wp-content\/uploads\/2020\/05\/tubercolisi-768x432.jpg 768w, https:\/\/notinor.com\/jujuy\/wp-content\/uploads\/2020\/05\/tubercolisi-1536x864.jpg 1536w, https:\/\/notinor.com\/jujuy\/wp-content\/uploads\/2020\/05\/tubercolisi-2048x1152.jpg 2048w\" sizes=\"(max-width: 2560px) 100vw, 2560px\" \/><\/figure>\n\n\n\n<p> Los n\u00fameros de pacientes con&nbsp;<strong>tuberculosis<\/strong>&nbsp;en&nbsp;<strong>Jujuy<\/strong>&nbsp;son preocupantes, tanto que el sistema sanitario se encuentra en estado de alerta. El neumon\u00f3logo &nbsp;<strong>Jes\u00fas Chuquisaca<\/strong>&nbsp;resalt\u00f3 que nuestra provincia registra&nbsp;<strong>la mayor cantidad de casos de tuberculosis del pa\u00eds,<\/strong>&nbsp;junto con Formosa y Chaco.&nbsp;<strong>Son 100 por a\u00f1o.<\/strong><\/p>\n\n\n\n<p> Al respecto,&nbsp;el profesional manifest\u00f3 que la situaci\u00f3n podr\u00eda deberse a que Jujuy se encuentra en zona de frontera, por lo que, los pacientes que cruzan al territorio nacional, no se realizan los controles correspondientes y se detectan como casos confirmados. <\/p>\n\n\n\n<p> \"La tuberculosis genera mucha preocupaci\u00f3n, por los costos, y la forma de detectarlo, entre otras cosas. Es una enfermedad que puede ser grave si no se detecta a tiempo, pero si eso sucede, la curaci\u00f3n es total\", manifest\u00f3 Chuquisaca. <\/p>\n","protected":false},"excerpt":{"rendered":"<p>La provincia es la que m\u00e1s casos tiene en Argentina y si no se detecta a tiempo puede matarte. Los n\u00fameros de pacientes con&nbsp;tuberculosis&nbsp;en&nbsp;Jujuy&nbsp;son preocupantes, tanto que el sistema sanitario se encuentra en estado de alerta. El neumon\u00f3logo &nbsp;Jes\u00fas Chuquisaca&nbsp;resalt\u00f3 que nuestra provincia registra&nbsp;la mayor cantidad de casos de tuberculosis del pa\u00eds,&nbsp;junto con Formosa y [&hellip;]<\/p>\n","protected":false},"author":1,"featured_media":241674,"comment_status":"open","ping_status":"open","sticky":false,"template":"","format":"standard","meta":{"_stopmodifiedupdate":false,"_modified_date":"","inline_featured_image":false,"spay_email":"","jetpack_publicize_message":""},"categories":[514],"tags":[],"jetpack_featured_media_url":"https:\/\/notinor.com\/jujuy\/wp-content\/uploads\/2020\/05\/tubercolisi-scaled.jpg","jetpack_publicize_connections":[],"_links":{"self":[{"href":"https:\/\/notinor.com\/jujuy\/wp-json\/wp\/v2\/posts\/241562"}],"collection":[{"href":"https:\/\/notinor.com\/jujuy\/wp-json\/wp\/v2\/posts"}],"about":[{"href":"https:\/\/notinor.com\/jujuy\/wp-json\/wp\/v2\/types\/post"}],"author":[{"embeddable":true,"href":"https:\/\/notinor.com\/jujuy\/wp-json\/wp\/v2\/users\/1"}],"replies":[{"embeddable":true,"href":"https:\/\/notinor.com\/jujuy\/wp-json\/wp\/v2\/comments?post=241562"}],"version-history":[{"count":3,"href":"https:\/\/notinor.com\/jujuy\/wp-json\/wp\/v2\/posts\/241562\/revisions"}],"predecessor-version":[{"id":241676,"href":"https:\/\/notinor.com\/jujuy\/wp-json\/wp\/v2\/posts\/241562\/revisions\/241676"}],"wp:featuredmedia":[{"embeddable":true,"href":"https:\/\/notinor.com\/jujuy\/wp-json\/wp\/v2\/media\/241674"}],"wp:attachment":[{"href":"https:\/\/notinor.com\/jujuy\/wp-json\/wp\/v2\/media?parent=241562"}],"wp:term":[{"taxonomy":"category","embeddable":true,"href":"https:\/\/notinor.com\/jujuy\/wp-json\/wp\/v2\/categories?post=241562"},{"taxonomy":"post_tag","embeddable":true,"href":"https:\/\/notinor.com\/jujuy\/wp-json\/wp\/v2\/tags?post=241562"}],"curies":[{"name":"wp","href":"https:\/\/api.w.org\/{rel}","templated":true}]}}