{"id":241561,"date":"2020-05-26T23:48:21","date_gmt":"2020-05-27T02:48:21","guid":{"rendered":"https:\/\/notinor.com\/jujuy\/?p=241561"},"modified":"2020-05-27T09:40:41","modified_gmt":"2020-05-27T12:40:41","slug":"alejandra-cejas-gano-la-pulseada-y-desplazo-a-belizan-de-la-presidencia-del-bloque-justicialista","status":"publish","type":"post","link":"https:\/\/notinor.com\/jujuy\/alejandra-cejas-gano-la-pulseada-y-desplazo-a-belizan-de-la-presidencia-del-bloque-justicialista\/","title":{"rendered":"Alejandra Cejas gan\u00f3 la pulseada y desplaz\u00f3 a Beliz\u00e1n de la presidencia del bloque justicialista"},"content":{"rendered":"\n<p>El bloque de diputados del Frente de Todos- PJ, conformado por 16 diputados, anunci\u00f3 la renovaci\u00f3n de sus autoridades y comunic\u00f3  a la Legislatura de Jujuy.<\/p>\n\n\n\n<figure class=\"wp-block-image size-large\"><img decoding=\"async\" loading=\"lazy\" width=\"2560\" height=\"1025\" src=\"https:\/\/i2.wp.com\/notinor.com\/jujuy\/wp-content\/uploads\/2020\/05\/cejas2-scaled.jpg?fit=840%2C336&amp;ssl=1\" alt=\"\" class=\"wp-image-241566\" srcset=\"https:\/\/notinor.com\/jujuy\/wp-content\/uploads\/2020\/05\/cejas2-scaled.jpg 2560w, https:\/\/notinor.com\/jujuy\/wp-content\/uploads\/2020\/05\/cejas2-660x264.jpg 660w, https:\/\/notinor.com\/jujuy\/wp-content\/uploads\/2020\/05\/cejas2-840x336.jpg 840w, https:\/\/notinor.com\/jujuy\/wp-content\/uploads\/2020\/05\/cejas2-768x308.jpg 768w, https:\/\/notinor.com\/jujuy\/wp-content\/uploads\/2020\/05\/cejas2-1536x615.jpg 1536w, https:\/\/notinor.com\/jujuy\/wp-content\/uploads\/2020\/05\/cejas2-2048x820.jpg 2048w\" sizes=\"(max-width: 2560px) 100vw, 2560px\" \/><\/figure>\n\n\n\n<p><br> Luego de un proceso de di\u00e1logo y con el apoyo de la mayor\u00eda de los legisladores del bloque, el listado de las nuevas autoridades corresponde como Presidenta: Alejandra Cejas, Vice Presidente 1\u00b0: Juan Cardozo, Vice Presidente 2\u00b0: Leila Chaher, Secretaria: Mariela Ferreyra y Tesorero: Emanuel Palmieri.<\/p>\n\n\n\n<p>Esta nueva etapa se inicia bajo el marco de la construcci\u00f3n de consensos y el mantenimiento de la unidad del peronismo en Jujuy. <\/p>\n\n\n\n<p> Para finalizar remarcaron el apoyo a los lineamientos nacionales llevados a cabo por el gobierno del presidente Alberto Fern\u00e1ndez y Cristina Fern\u00e1ndez de Kirchner.<\/p>\n","protected":false},"excerpt":{"rendered":"<p>El bloque de diputados del Frente de Todos- PJ, conformado por 16 diputados, anunci\u00f3 la renovaci\u00f3n de sus autoridades y comunic\u00f3 a la Legislatura de Jujuy. Luego de un proceso de di\u00e1logo y con el apoyo de la mayor\u00eda de los legisladores del bloque, el listado de las nuevas autoridades corresponde como Presidenta: Alejandra Cejas, [&hellip;]<\/p>\n","protected":false},"author":1,"featured_media":241566,"comment_status":"open","ping_status":"open","sticky":false,"template":"","format":"standard","meta":{"_stopmodifiedupdate":false,"_modified_date":"","inline_featured_image":false},"categories":[501],"tags":[],"jetpack_featured_media_url":"https:\/\/notinor.com\/jujuy\/wp-content\/uploads\/2020\/05\/cejas2-scaled.jpg","_links":{"self":[{"href":"https:\/\/notinor.com\/jujuy\/wp-json\/wp\/v2\/posts\/241561"}],"collection":[{"href":"https:\/\/notinor.com\/jujuy\/wp-json\/wp\/v2\/posts"}],"about":[{"href":"https:\/\/notinor.com\/jujuy\/wp-json\/wp\/v2\/types\/post"}],"author":[{"embeddable":true,"href":"https:\/\/notinor.com\/jujuy\/wp-json\/wp\/v2\/users\/1"}],"replies":[{"embeddable":true,"href":"https:\/\/notinor.com\/jujuy\/wp-json\/wp\/v2\/comments?post=241561"}],"version-history":[{"count":2,"href":"https:\/\/notinor.com\/jujuy\/wp-json\/wp\/v2\/posts\/241561\/revisions"}],"predecessor-version":[{"id":241634,"href":"https:\/\/notinor.com\/jujuy\/wp-json\/wp\/v2\/posts\/241561\/revisions\/241634"}],"wp:featuredmedia":[{"embeddable":true,"href":"https:\/\/notinor.com\/jujuy\/wp-json\/wp\/v2\/media\/241566"}],"wp:attachment":[{"href":"https:\/\/notinor.com\/jujuy\/wp-json\/wp\/v2\/media?parent=241561"}],"wp:term":[{"taxonomy":"category","embeddable":true,"href":"https:\/\/notinor.com\/jujuy\/wp-json\/wp\/v2\/categories?post=241561"},{"taxonomy":"post_tag","embeddable":true,"href":"https:\/\/notinor.com\/jujuy\/wp-json\/wp\/v2\/tags?post=241561"}],"curies":[{"name":"wp","href":"https:\/\/api.w.org\/{rel}","templated":true}]}}