{"id":241558,"date":"2020-05-26T23:05:52","date_gmt":"2020-05-27T02:05:52","guid":{"rendered":"https:\/\/notinor.com\/jujuy\/?p=241558"},"modified":"2020-05-26T23:06:49","modified_gmt":"2020-05-27T02:06:49","slug":"actrices-argentinas-pidio-por-la-remocion-de-jose-alperovich","status":"publish","type":"post","link":"https:\/\/notinor.com\/jujuy\/actrices-argentinas-pidio-por-la-remocion-de-jose-alperovich\/","title":{"rendered":"Actrices argentinas  pidi\u00f3 por la remoci\u00f3n de Jos\u00e9 Alperovich"},"content":{"rendered":"\n<p>El ex gobernador de Tucum\u00e1n fue denunciado por abuso sexual agravado por una sobrina que trabajaba en su despacho.<\/p>\n\n\n\n<figure class=\"wp-block-image size-large\"><img decoding=\"async\" loading=\"lazy\" width=\"768\" height=\"512\" src=\"https:\/\/i2.wp.com\/notinor.com\/jujuy\/wp-content\/uploads\/2020\/05\/3096389w768.jpg?fit=720%2C480&amp;ssl=1\" alt=\"\" class=\"wp-image-241559\" srcset=\"https:\/\/notinor.com\/jujuy\/wp-content\/uploads\/2020\/05\/3096389w768.jpg 768w, https:\/\/notinor.com\/jujuy\/wp-content\/uploads\/2020\/05\/3096389w768-548x365.jpg 548w, https:\/\/notinor.com\/jujuy\/wp-content\/uploads\/2020\/05\/3096389w768-720x480.jpg 720w, https:\/\/notinor.com\/jujuy\/wp-content\/uploads\/2020\/05\/3096389w768-400x266.jpg 400w\" sizes=\"(max-width: 768px) 100vw, 768px\" \/><\/figure>\n\n\n\n<p class=\"has-background has-vivid-cyan-blue-background-color\">El colectivo\u00a0<strong>Actrices Argentinas\u00a0<\/strong>pidi\u00f3 este martes por\u00a0<strong>la remoci\u00f3n del exgobernador de Tucum\u00e1n Jos\u00e9 Alperovich\u00a0<\/strong>del Senado de la Naci\u00f3n, quien\u00a0permanece con una licencia\u00a0sin goce de haberes desde noviembre pasado cuando fue denunciado por abuso sexual agravado por una sobrina que trabajaba en su despacho.<\/p>\n\n\n\n<p>El pedido fue redactado por la Asociaci\u00f3n de Abogadas Feministas (Abofem) y acompa\u00f1ado por numerosas agrupaciones feministas y fue presentado ante la presidenta del Senado, Cristina Kirchner.<\/p>\n\n\n\n<p>\"Venimos formalmente y colectivamente a manifestarnos, frente al presunto regreso de Alperovich a sus funciones como legislador por la Provincia de Tucum\u00e1n\", comienza el escrito.<\/p>\n\n\n\n<p>Y contin\u00faa: \"Nos encontramos frente a un legislador acusado de abuso sexual agravado en Tucum\u00e1n y en ciudad de Buenos Aires, donde es imposible dejar pasar ese hecho, porque si bien no se relaciona con su banca como legislador, s\u00ed se relaciona con sus convicciones, con su percepci\u00f3n de la realidad y su posici\u00f3n de poder frente a las mujeres\".<\/p>\n\n\n\n<p>El comunicado sostiene que \"es intolerable para toda la comunidad de mujeres y disidencias, el encontrarnos con legisladores que definen nuestro destino democr\u00e1tico manifestado en la elaboraci\u00f3n de las normas, que ese puesto sea ocupado por un legislador que viola la Constituci\u00f3n y los tratados internacionales, con el terrible agravante de estar acusado de la comisi\u00f3n de delitos en forma reiterada contra la integridad sexual\".<\/p>\n\n\n\n<p>Por lo tanto, peticionaron: \"Siendo evidente e inmoral el accionar de Alperovich es que venimos como ciudadanes a requerir a las autoridades que se apliquen los mecanismos que mencionamos para su apartamiento preventivo seguido de su remoci\u00f3n al cargo como senador nacional\".<\/p>\n\n\n\n<p>El senador obtuvo una licencia por seis meses en noviembre del a\u00f1o pasado,\u00a0que venci\u00f3 ayer\u00a0y su pr\u00f3rroga deber\u00e1 ser aprobada por el Senado en su pr\u00f3xima sesi\u00f3n.<\/p>\n\n\n\n<p>A pesar de que el senador insiste con su inocencia y quer\u00eda volver a ocupar su esca\u00f1o, en los \u00faltimos d\u00edas hab\u00eda crecido la presi\u00f3n en el Senado para que pidiera una nueva licencia hasta tanto no se esclarezcan las denuncias por abuso sexual formuladas por su sobrina.<\/p>\n","protected":false},"excerpt":{"rendered":"<p>El ex gobernador de Tucum\u00e1n fue denunciado por abuso sexual agravado por una sobrina que trabajaba en su despacho. El colectivo\u00a0Actrices Argentinas\u00a0pidi\u00f3 este martes por\u00a0la remoci\u00f3n del exgobernador de Tucum\u00e1n Jos\u00e9 Alperovich\u00a0del Senado de la Naci\u00f3n, quien\u00a0permanece con una licencia\u00a0sin goce de haberes desde noviembre pasado cuando fue denunciado por abuso sexual agravado por una [&hellip;]<\/p>\n","protected":false},"author":37,"featured_media":241559,"comment_status":"open","ping_status":"open","sticky":false,"template":"","format":"standard","meta":{"_stopmodifiedupdate":false,"_modified_date":"","inline_featured_image":false,"spay_email":"","jetpack_publicize_message":"El ex gobernador de Tucum\u00e1n fue denunciado por abuso sexual agravado por una sobrina que trabajaba en su despacho."},"categories":[501],"tags":[],"jetpack_featured_media_url":"https:\/\/notinor.com\/jujuy\/wp-content\/uploads\/2020\/05\/3096389w768.jpg","jetpack_publicize_connections":[],"_links":{"self":[{"href":"https:\/\/notinor.com\/jujuy\/wp-json\/wp\/v2\/posts\/241558"}],"collection":[{"href":"https:\/\/notinor.com\/jujuy\/wp-json\/wp\/v2\/posts"}],"about":[{"href":"https:\/\/notinor.com\/jujuy\/wp-json\/wp\/v2\/types\/post"}],"author":[{"embeddable":true,"href":"https:\/\/notinor.com\/jujuy\/wp-json\/wp\/v2\/users\/37"}],"replies":[{"embeddable":true,"href":"https:\/\/notinor.com\/jujuy\/wp-json\/wp\/v2\/comments?post=241558"}],"version-history":[{"count":3,"href":"https:\/\/notinor.com\/jujuy\/wp-json\/wp\/v2\/posts\/241558\/revisions"}],"predecessor-version":[{"id":241565,"href":"https:\/\/notinor.com\/jujuy\/wp-json\/wp\/v2\/posts\/241558\/revisions\/241565"}],"wp:featuredmedia":[{"embeddable":true,"href":"https:\/\/notinor.com\/jujuy\/wp-json\/wp\/v2\/media\/241559"}],"wp:attachment":[{"href":"https:\/\/notinor.com\/jujuy\/wp-json\/wp\/v2\/media?parent=241558"}],"wp:term":[{"taxonomy":"category","embeddable":true,"href":"https:\/\/notinor.com\/jujuy\/wp-json\/wp\/v2\/categories?post=241558"},{"taxonomy":"post_tag","embeddable":true,"href":"https:\/\/notinor.com\/jujuy\/wp-json\/wp\/v2\/tags?post=241558"}],"curies":[{"name":"wp","href":"https:\/\/api.w.org\/{rel}","templated":true}]}}