{"id":241556,"date":"2020-05-26T23:03:52","date_gmt":"2020-05-27T02:03:52","guid":{"rendered":"https:\/\/notinor.com\/jujuy\/?p=241556"},"modified":"2020-08-24T12:24:11","modified_gmt":"2020-08-24T15:24:11","slug":"alberto-fernandez-saludo-a-bob-dylan-por-su-cumpleanos","status":"publish","type":"post","link":"https:\/\/notinor.com\/jujuy\/alberto-fernandez-saludo-a-bob-dylan-por-su-cumpleanos\/","title":{"rendered":"Alberto Fern\u00e1ndez salud\u00f3 a Bob Dylan por su cumplea\u00f1os"},"content":{"rendered":"\n<p>\u00a0A trav\u00e9s de sus redes sociales, el presidente argentino salud\u00f3 al cantautor estadounidense<\/p>\n\n\n\n<figure class=\"wp-block-image size-large\"><img decoding=\"async\" loading=\"lazy\" width=\"1280\" height=\"720\" src=\"https:\/\/i0.wp.com\/notinor.com\/jujuy\/wp-content\/uploads\/2020\/05\/albertooo.jpg?fit=840%2C473&amp;ssl=1\" alt=\"\" class=\"wp-image-241557\" srcset=\"https:\/\/notinor.com\/jujuy\/wp-content\/uploads\/2020\/05\/albertooo.jpg 1280w, https:\/\/notinor.com\/jujuy\/wp-content\/uploads\/2020\/05\/albertooo-649x365.jpg 649w, https:\/\/notinor.com\/jujuy\/wp-content\/uploads\/2020\/05\/albertooo-840x473.jpg 840w, https:\/\/notinor.com\/jujuy\/wp-content\/uploads\/2020\/05\/albertooo-500x280.jpg 500w, https:\/\/notinor.com\/jujuy\/wp-content\/uploads\/2020\/05\/albertooo-768x432.jpg 768w\" sizes=\"(max-width: 1280px) 100vw, 1280px\" \/><\/figure>\n\n\n\n<p><strong>El presidente Alberto Fern\u00e1ndez aprovech\u00f3 la ocasi\u00f3n del cumplea\u00f1os n\u00famero 79 del artista estadounidense<a href=\"https:\/\/es.wikipedia.org\/wiki\/Bob_Dylan\">\u00a0Bob Dylan<\/a><\/strong>\u00a0y lo salud\u00f3 por redes sociales. Mediante Twitter, Alberto poste\u00f3 una frase de Dylan. <\/p>\n\n\n\n<p><strong>El ganador del Premio Nobel de Literatura en 2016 es un m\u00fasico y escritor reconocido en todo el mundo y el presidente argentino mostr\u00f3 su admiraci\u00f3n<\/strong>\u00a0por su obra posteando un fragmento de una canci\u00f3n. <\/p>\n\n\n\n<figure class=\"wp-block-image\"><img decoding=\"async\" src=\"https:\/\/pbs.twimg.com\/media\/EY0rpbwXQAMtAeJ?format=jpg&amp;name=small\" alt=\"View image on Twitter\"\/><figcaption> ...cu\u00e1ntas veces puede un hombre volver la cabeza,<br>fingiendo que simplemente no ve?...\u201d se preguntaba nuestro poeta.                                                                      Feliz cumplea\u00f1os <a href=\"https:\/\/twitter.com\/bobdylan\">@bobdylan<\/a>. Aqu\u00ed, en este extremo de Am\u00e9rica, tu poes\u00eda sigue soplando en el viento.<br><br> <\/figcaption><\/figure>\n\n\n\n<p><strong>El saludo de Alberto tuvo cr\u00edticas y elogios para el presidente.<\/strong>\u00a0Hubo quienes le expresaron su admiraci\u00f3n por el posteo y quienes no le perdonaron el hecho de \"la choluleada\" ante los tiempos complejos que se viven en el pa\u00eds.<\/p>\n\n\n\n<figure class=\"wp-block-embed-youtube wp-block-embed is-type-video is-provider-youtube wp-embed-aspect-4-3 wp-has-aspect-ratio\"><div class=\"wp-block-embed__wrapper\">\n<div class=\"jeg_video_container jeg_video_content\"><iframe loading=\"lazy\" title=\"Blowin&#039; In The Wind -Bob Dylan - Lyrics\" width=\"500\" height=\"375\" src=\"https:\/\/www.youtube.com\/embed\/G58XWF6B3AA?feature=oembed\" frameborder=\"0\" allow=\"accelerometer; autoplay; encrypted-media; gyroscope; picture-in-picture\" allowfullscreen><\/iframe><\/div>\n<\/div><\/figure>\n\n\n\n<p><strong>A sus 75 a\u00f1os, Dylan fue el primer m\u00fasico en obtener la distinci\u00f3n del premio Nobel de Literatura y fue considerada por los especialistas como \"la elecci\u00f3n m\u00e1s radical de la historia\".&nbsp;<\/strong>A continuaci\u00f3n, la canci\u00f3n que Alberto Fern\u00e1ndez cit\u00f3 en su saludo.<br><\/p>\n","protected":false},"excerpt":{"rendered":"<p>\u00a0A trav\u00e9s de sus redes sociales, el presidente argentino salud\u00f3 al cantautor estadounidense El presidente Alberto Fern\u00e1ndez aprovech\u00f3 la ocasi\u00f3n del cumplea\u00f1os n\u00famero 79 del artista estadounidense\u00a0Bob Dylan\u00a0y lo salud\u00f3 por redes sociales. Mediante Twitter, Alberto poste\u00f3 una frase de Dylan. El ganador del Premio Nobel de Literatura en 2016 es un m\u00fasico y escritor [&hellip;]<\/p>\n","protected":false},"author":1,"featured_media":241557,"comment_status":"open","ping_status":"open","sticky":false,"template":"","format":"standard","meta":{"_stopmodifiedupdate":false,"_modified_date":"","inline_featured_image":false,"spay_email":"","jetpack_publicize_message":""},"categories":[21],"tags":[],"jetpack_featured_media_url":"https:\/\/notinor.com\/jujuy\/wp-content\/uploads\/2020\/05\/albertooo.jpg","jetpack_publicize_connections":[],"_links":{"self":[{"href":"https:\/\/notinor.com\/jujuy\/wp-json\/wp\/v2\/posts\/241556"}],"collection":[{"href":"https:\/\/notinor.com\/jujuy\/wp-json\/wp\/v2\/posts"}],"about":[{"href":"https:\/\/notinor.com\/jujuy\/wp-json\/wp\/v2\/types\/post"}],"author":[{"embeddable":true,"href":"https:\/\/notinor.com\/jujuy\/wp-json\/wp\/v2\/users\/1"}],"replies":[{"embeddable":true,"href":"https:\/\/notinor.com\/jujuy\/wp-json\/wp\/v2\/comments?post=241556"}],"version-history":[{"count":1,"href":"https:\/\/notinor.com\/jujuy\/wp-json\/wp\/v2\/posts\/241556\/revisions"}],"predecessor-version":[{"id":241560,"href":"https:\/\/notinor.com\/jujuy\/wp-json\/wp\/v2\/posts\/241556\/revisions\/241560"}],"wp:featuredmedia":[{"embeddable":true,"href":"https:\/\/notinor.com\/jujuy\/wp-json\/wp\/v2\/media\/241557"}],"wp:attachment":[{"href":"https:\/\/notinor.com\/jujuy\/wp-json\/wp\/v2\/media?parent=241556"}],"wp:term":[{"taxonomy":"category","embeddable":true,"href":"https:\/\/notinor.com\/jujuy\/wp-json\/wp\/v2\/categories?post=241556"},{"taxonomy":"post_tag","embeddable":true,"href":"https:\/\/notinor.com\/jujuy\/wp-json\/wp\/v2\/tags?post=241556"}],"curies":[{"name":"wp","href":"https:\/\/api.w.org\/{rel}","templated":true}]}}