{"id":241553,"date":"2020-05-26T22:49:17","date_gmt":"2020-05-27T01:49:17","guid":{"rendered":"https:\/\/notinor.com\/jujuy\/?p=241553"},"modified":"2020-05-26T22:49:21","modified_gmt":"2020-05-27T01:49:21","slug":"vendedores-ambulantes-se-comprometieron-presentar-un-protocolo-de-bioseguridad","status":"publish","type":"post","link":"https:\/\/notinor.com\/jujuy\/vendedores-ambulantes-se-comprometieron-presentar-un-protocolo-de-bioseguridad\/","title":{"rendered":"Vendedores ambulantes se comprometieron presentar un protocolo de bioseguridad"},"content":{"rendered":"\n<p>Vendedores ambulantes, artesanos y feriantes, fueron recibidos hoy por autoridades del Ministerio de Gobierno y Justicia, comprometi\u00e9ndose a presentar un protocolo de bioseguridad que les permita retomar la venta de sus productos.<\/p>\n\n\n\n<figure class=\"wp-block-image size-large\"><img decoding=\"async\" loading=\"lazy\" width=\"1140\" height=\"760\" src=\"https:\/\/i2.wp.com\/notinor.com\/jujuy\/wp-content\/uploads\/2020\/05\/COMERCIASNTES.jpeg?fit=720%2C480&amp;ssl=1\" alt=\"\" class=\"wp-image-241554\" srcset=\"https:\/\/notinor.com\/jujuy\/wp-content\/uploads\/2020\/05\/COMERCIASNTES.jpeg 1140w, https:\/\/notinor.com\/jujuy\/wp-content\/uploads\/2020\/05\/COMERCIASNTES-548x365.jpeg 548w, https:\/\/notinor.com\/jujuy\/wp-content\/uploads\/2020\/05\/COMERCIASNTES-720x480.jpeg 720w, https:\/\/notinor.com\/jujuy\/wp-content\/uploads\/2020\/05\/COMERCIASNTES-768x512.jpeg 768w, https:\/\/notinor.com\/jujuy\/wp-content\/uploads\/2020\/05\/COMERCIASNTES-400x266.jpeg 400w\" sizes=\"(max-width: 1140px) 100vw, 1140px\" \/><\/figure>\n\n\n\n<p>La reuni\u00f3n fue encabezada por el Ministro de Gobierno y Justicia, Agust\u00edn Perassi, acompa\u00f1ado por el Secretario de Relaciones y Asuntos Municipales, Javier Gronda, quienes escucharon atentamente la situaci\u00f3n laboral que padece cada uno de ellos.<\/p>\n\n\n\n<p class=\"has-background has-vivid-cyan-blue-background-color\">Los manifestantes se comprometieron presentar ante las autoridades del Comit\u00e9 Operativo de Emergencias (COE) un nuevo protocolo de bioseguridad, para la venta de diversos productos enmarcados en la venta callejera.<\/p>\n\n\n\n<p>De la reuni\u00f3n participaron trabajadores nucleados en Movimiento de Trabajadores Excluidos (MTE); Ambulantes Feriantes y Afines Agremiados Jujuy (AFAAJ); Asociaci\u00f3n de Trabajadores Ambulantes y Vendedores Independientes (ATAVI); artesanos independientes, entre otros.<\/p>\n","protected":false},"excerpt":{"rendered":"<p>Vendedores ambulantes, artesanos y feriantes, fueron recibidos hoy por autoridades del Ministerio de Gobierno y Justicia, comprometi\u00e9ndose a presentar un protocolo de bioseguridad que les permita retomar la venta de sus productos. La reuni\u00f3n fue encabezada por el Ministro de Gobierno y Justicia, Agust\u00edn Perassi, acompa\u00f1ado por el Secretario de Relaciones y Asuntos Municipales, Javier [&hellip;]<\/p>\n","protected":false},"author":1,"featured_media":241554,"comment_status":"open","ping_status":"open","sticky":false,"template":"","format":"standard","meta":{"_stopmodifiedupdate":false,"_modified_date":"","inline_featured_image":false,"spay_email":"","jetpack_publicize_message":"Gobierno y ambulantes mantuvieron un encuentro para avanzar en el tema."},"categories":[514],"tags":[],"jetpack_featured_media_url":"https:\/\/notinor.com\/jujuy\/wp-content\/uploads\/2020\/05\/COMERCIASNTES.jpeg","jetpack_publicize_connections":[],"_links":{"self":[{"href":"https:\/\/notinor.com\/jujuy\/wp-json\/wp\/v2\/posts\/241553"}],"collection":[{"href":"https:\/\/notinor.com\/jujuy\/wp-json\/wp\/v2\/posts"}],"about":[{"href":"https:\/\/notinor.com\/jujuy\/wp-json\/wp\/v2\/types\/post"}],"author":[{"embeddable":true,"href":"https:\/\/notinor.com\/jujuy\/wp-json\/wp\/v2\/users\/1"}],"replies":[{"embeddable":true,"href":"https:\/\/notinor.com\/jujuy\/wp-json\/wp\/v2\/comments?post=241553"}],"version-history":[{"count":1,"href":"https:\/\/notinor.com\/jujuy\/wp-json\/wp\/v2\/posts\/241553\/revisions"}],"predecessor-version":[{"id":241555,"href":"https:\/\/notinor.com\/jujuy\/wp-json\/wp\/v2\/posts\/241553\/revisions\/241555"}],"wp:featuredmedia":[{"embeddable":true,"href":"https:\/\/notinor.com\/jujuy\/wp-json\/wp\/v2\/media\/241554"}],"wp:attachment":[{"href":"https:\/\/notinor.com\/jujuy\/wp-json\/wp\/v2\/media?parent=241553"}],"wp:term":[{"taxonomy":"category","embeddable":true,"href":"https:\/\/notinor.com\/jujuy\/wp-json\/wp\/v2\/categories?post=241553"},{"taxonomy":"post_tag","embeddable":true,"href":"https:\/\/notinor.com\/jujuy\/wp-json\/wp\/v2\/tags?post=241553"}],"curies":[{"name":"wp","href":"https:\/\/api.w.org\/{rel}","templated":true}]}}