{"id":241545,"date":"2020-05-26T22:20:00","date_gmt":"2020-05-27T01:20:00","guid":{"rendered":"https:\/\/notinor.com\/jujuy\/?p=241545"},"modified":"2020-05-26T22:20:06","modified_gmt":"2020-05-27T01:20:06","slug":"ricardo-echegaray-fue-absuelto-en-la-causa-por-la-importacion-de-un-auto-diplomatico","status":"publish","type":"post","link":"https:\/\/notinor.com\/jujuy\/ricardo-echegaray-fue-absuelto-en-la-causa-por-la-importacion-de-un-auto-diplomatico\/","title":{"rendered":"Ricardo Echegaray fue absuelto en la causa por la importaci\u00f3n de un auto diplom\u00e1tico"},"content":{"rendered":"\n<p>Es la segunda vez que la Justicia decide la absoluci\u00f3n del extitular de la Administraci\u00f3n Federal de Ingresos P\u00fablicos (AFIP).<\/p>\n\n\n\n<p>Ricardo Echegaray fue absuelto en la causa por la importaci\u00f3n de un auto diplom\u00e1tico. Se trata de la segunda vez que la Justicia decidi\u00f3 la absoluci\u00f3n del extitular de la Administraci\u00f3n Federal de Ingresos P\u00fablicos (AFIP).<\/p>\n\n\n\n<figure class=\"wp-block-image size-large\"><img decoding=\"async\" loading=\"lazy\" width=\"1366\" height=\"765\" src=\"https:\/\/i1.wp.com\/notinor.com\/jujuy\/wp-content\/uploads\/2020\/05\/Echegaray.jpg?fit=840%2C470&amp;ssl=1\" alt=\"\" class=\"wp-image-241546\" srcset=\"https:\/\/notinor.com\/jujuy\/wp-content\/uploads\/2020\/05\/Echegaray.jpg 1366w, https:\/\/notinor.com\/jujuy\/wp-content\/uploads\/2020\/05\/Echegaray-652x365.jpg 652w, https:\/\/notinor.com\/jujuy\/wp-content\/uploads\/2020\/05\/Echegaray-840x470.jpg 840w, https:\/\/notinor.com\/jujuy\/wp-content\/uploads\/2020\/05\/Echegaray-500x280.jpg 500w, https:\/\/notinor.com\/jujuy\/wp-content\/uploads\/2020\/05\/Echegaray-768x430.jpg 768w\" sizes=\"(max-width: 1366px) 100vw, 1366px\" \/><\/figure>\n\n\n\n<p class=\"has-background has-vivid-cyan-blue-background-color\">En esta ocasi\u00f3n, tanto la querella como la fiscal\u00eda sostuvieron que \u201cno existen elementos los necesarios\u201d para culpar y condenar a Echegaray por este hecho. <\/p>\n\n\n\n<p>La indagatoria a Echegaray se realiz\u00f3 en la tarde de este martes de manera virtual debido a la cuarentena por el coronavirus y participaron los jueces del Tribunal Oral en lo Penal Econ\u00f3mico 1.<\/p>\n\n\n\n<p>Ricardo Echegaray, absuelto por la causa de la importaci\u00f3n de un auto diplom\u00e1tico<br><br><br> El abogado, quien ejerci\u00f3 como responsable de la AFIP desde el 2008 y hasta el 2015,  estaba imputado en una causa por la importaci\u00f3n de un auto diplom\u00e1tico de la marca Mercedes Benz para la Oficina Comercial y Cultural de Taiw\u00e1n en el a\u00f1o 2006, cuando a\u00fan se desempe\u00f1aba como Director General de Aduanas de la Naci\u00f3n. <\/p>\n\n\n\n<p>Echegaray no fue el \u00fanico que consigui\u00f3 la absoluci\u00f3n en el marco de esta investigaci\u00f3n. Tambi\u00e9n lo hizo Chun Teh Hsieh, el extitular de dicha oficina internacional.<\/p>\n\n\n\n<p>Echegaray se retir\u00f3 de la la funci\u00f3n p\u00fablica en agosto de 2016 luego de renunciar a su cargo Auditor General de la Naci\u00f3n.<\/p>\n","protected":false},"excerpt":{"rendered":"<p>Es la segunda vez que la Justicia decide la absoluci\u00f3n del extitular de la Administraci\u00f3n Federal de Ingresos P\u00fablicos (AFIP). Ricardo Echegaray fue absuelto en la causa por la importaci\u00f3n de un auto diplom\u00e1tico. Se trata de la segunda vez que la Justicia decidi\u00f3 la absoluci\u00f3n del extitular de la Administraci\u00f3n Federal de Ingresos P\u00fablicos [&hellip;]<\/p>\n","protected":false},"author":1,"featured_media":241546,"comment_status":"closed","ping_status":"closed","sticky":false,"template":"","format":"standard","meta":{"_stopmodifiedupdate":false,"_modified_date":"","inline_featured_image":false,"spay_email":"","jetpack_publicize_message":"Es la segunda vez que la Justicia decide la absoluci\u00f3n del extitular de la Administraci\u00f3n Federal de Ingresos P\u00fablicos (AFIP)."},"categories":[5],"tags":[],"jetpack_featured_media_url":"https:\/\/notinor.com\/jujuy\/wp-content\/uploads\/2020\/05\/Echegaray.jpg","jetpack_publicize_connections":[],"_links":{"self":[{"href":"https:\/\/notinor.com\/jujuy\/wp-json\/wp\/v2\/posts\/241545"}],"collection":[{"href":"https:\/\/notinor.com\/jujuy\/wp-json\/wp\/v2\/posts"}],"about":[{"href":"https:\/\/notinor.com\/jujuy\/wp-json\/wp\/v2\/types\/post"}],"author":[{"embeddable":true,"href":"https:\/\/notinor.com\/jujuy\/wp-json\/wp\/v2\/users\/1"}],"replies":[{"embeddable":true,"href":"https:\/\/notinor.com\/jujuy\/wp-json\/wp\/v2\/comments?post=241545"}],"version-history":[{"count":2,"href":"https:\/\/notinor.com\/jujuy\/wp-json\/wp\/v2\/posts\/241545\/revisions"}],"predecessor-version":[{"id":241548,"href":"https:\/\/notinor.com\/jujuy\/wp-json\/wp\/v2\/posts\/241545\/revisions\/241548"}],"wp:featuredmedia":[{"embeddable":true,"href":"https:\/\/notinor.com\/jujuy\/wp-json\/wp\/v2\/media\/241546"}],"wp:attachment":[{"href":"https:\/\/notinor.com\/jujuy\/wp-json\/wp\/v2\/media?parent=241545"}],"wp:term":[{"taxonomy":"category","embeddable":true,"href":"https:\/\/notinor.com\/jujuy\/wp-json\/wp\/v2\/categories?post=241545"},{"taxonomy":"post_tag","embeddable":true,"href":"https:\/\/notinor.com\/jujuy\/wp-json\/wp\/v2\/tags?post=241545"}],"curies":[{"name":"wp","href":"https:\/\/api.w.org\/{rel}","templated":true}]}}