{"id":241539,"date":"2020-05-26T21:38:10","date_gmt":"2020-05-27T00:38:10","guid":{"rendered":"https:\/\/notinor.com\/jujuy\/?p=241539"},"modified":"2020-05-27T09:54:09","modified_gmt":"2020-05-27T12:54:09","slug":"adelantan-las-vacaciones-de-invierno-en-jujuy-sera-de-1-al-15-de-junio","status":"publish","type":"post","link":"https:\/\/notinor.com\/jujuy\/adelantan-las-vacaciones-de-invierno-en-jujuy-sera-de-1-al-15-de-junio\/","title":{"rendered":"Adelantan las vacaciones de invierno en Jujuy: ser\u00e1 de el 1 al 15 de junio"},"content":{"rendered":"\n<p>El gobernador Gerardo Morales firmar\u00e1 el decreto correspondiente. Prev\u00e9n un posible retorno voluntario de alumnos despu\u00e9s de ese periodo.<\/p>\n\n\n\n<p> <\/p>\n\n\n\n<figure class=\"wp-block-image size-large\"><img decoding=\"async\" loading=\"lazy\" width=\"690\" height=\"433\" src=\"https:\/\/notinor.com\/jujuy\/wp-content\/uploads\/2020\/05\/clases.jpg\" alt=\"\" class=\"wp-image-241540\" srcset=\"https:\/\/notinor.com\/jujuy\/wp-content\/uploads\/2020\/05\/clases.jpg 690w, https:\/\/notinor.com\/jujuy\/wp-content\/uploads\/2020\/05\/clases-582x365.jpg 582w\" sizes=\"(max-width: 690px) 100vw, 690px\" \/><\/figure>\n\n\n\n<p>El gobernador Gerardo Morales asegur\u00f3 firmar\u00e1 un decreto para adelantar el receso invernal escolar. El mandatario provincial puntualiz\u00f3 que ser\u00e1 desde el 1 al 15 de julio por la situaci\u00f3n que atraviesa el pais por la pandemia de coronavirus.<\/p>\n\n\n\n<p> \"Adelanto las vacaciones para que tengamos desde julio a full, siempre y cuando se mantengan las cuestiones sanitarias\", detall\u00f3.<\/p>\n\n\n\n<p>En ese marco, se detall\u00f3 que se buscar\u00e1 la reintegraci\u00f3n voluntaria de los estudiantes a las actividades escolares presenciales a partir del reinicio de las clases en el pr\u00f3ximo 15 de junio. <\/p>\n\n\n\n<figure class=\"wp-block-image size-large\"><img decoding=\"async\" loading=\"lazy\" width=\"1587\" height=\"2245\" src=\"https:\/\/i0.wp.com\/notinor.com\/jujuy\/wp-content\/uploads\/2020\/05\/vacaciones.jpg?fit=339%2C480&amp;ssl=1\" alt=\"\" class=\"wp-image-241542\" srcset=\"https:\/\/notinor.com\/jujuy\/wp-content\/uploads\/2020\/05\/vacaciones.jpg 1587w, https:\/\/notinor.com\/jujuy\/wp-content\/uploads\/2020\/05\/vacaciones-258x365.jpg 258w, https:\/\/notinor.com\/jujuy\/wp-content\/uploads\/2020\/05\/vacaciones-339x480.jpg 339w, https:\/\/notinor.com\/jujuy\/wp-content\/uploads\/2020\/05\/vacaciones-768x1086.jpg 768w, https:\/\/notinor.com\/jujuy\/wp-content\/uploads\/2020\/05\/vacaciones-1086x1536.jpg 1086w, https:\/\/notinor.com\/jujuy\/wp-content\/uploads\/2020\/05\/vacaciones-1448x2048.jpg 1448w\" sizes=\"(max-width: 1587px) 100vw, 1587px\" \/><\/figure>\n\n\n\n<p>Adem\u00e1s, anunci\u00f3 que desde el pr\u00f3ximo 15 de junio se implementar\u00e1 el Programa de Apoyo Escolar \u00abEstamos M\u00e1s Cerca\u00bb, de car\u00e1cter voluntario y concebido para el acompa\u00f1amiento a las clases remotas de los niveles primario y secundario, beneficiando a 190.927 alumnos de 1.100 escuelas.<\/p>\n\n\n\n<p>La Fase 1, pone el foco en los establecimientos de zonas rurales con albergue, a los efectos de garantizar apoyo escolar, servicio alimentario y conectividad. La actividad se pondr\u00e1 en marcha el 15 de junio, bajo modalidad 20 d\u00edas presenciales X 10 d\u00edas sin presencia, alcanzando a 2.393 alumnos, 970 docentes y 493 no docentes.<\/p>\n\n\n\n<p>La Fase 2 ser\u00e1 para establecimientos de zona rural dispersa y aglomerada, desde el 22 de junio. En este caso, la modalidad ser\u00e1 20 X 10 dispersa y 5 X 2 aglomerada. Alcanzar\u00e1 a 12.186 alumnos, 3.213 docentes y 912 no docentes.<\/p>\n\n\n\n<p>La Fase 3, est\u00e1 reservada para establecimientos de zona urbana de alta vulnerabilidad, a partir del 29 de junio. La modalidad ser\u00e1 de 1 d\u00eda cada grado o a\u00f1o por semana. Alcanzar\u00e1 a 42.470 alumnos, 6.259 docentes y 1.369 no docentes.<\/p>\n\n\n\n<p>La Fase 4, ser\u00e1 para instituciones de zona urbana de vulnerabilidad media y baja, desde el 13 de julio, bajo modalidad de 1 d\u00eda cada grado o a\u00f1o por semana. Alcanzar\u00e1 a 102.544 alumnos, 12.953 docentes y 2.976 no docentes.<\/p>\n\n\n\n<p>\u201cEn la segunda semana de julio todo el sistema estar\u00e1 funcionando\u201d, indic\u00f3 el mandatario y puntualiz\u00f3 que desde ma\u00f1ana se integrar\u00e1 una mesa de trabajo con representantes del gobierno y de organizaciones gremiales para coordinar log\u00edstica y aspectos operativos. \u201cConversamos este tema con los gremios y esperamos contar con su aporte\u201d, recalc\u00f3.<\/p>\n\n\n\n<p>\u201cEsta nueva etapa de contacto presencial de un d\u00eda a la semana permitir\u00e1 mejorar la calidad educativa\u201d, se\u00f1al\u00f3 y resalt\u00f3 que este esquema se sostendr\u00e1 \u201csiempre que se mantengan las condiciones epidemiol\u00f3gicas actuales, es decir sin circulaci\u00f3n viral comunitaria\u201d.<\/p>\n\n\n\n<p>\u201cEn breve los par\u00e1metros de circulaci\u00f3n de estudiantes que se basar\u00e1 en el esquema por DNI\u201d, subray\u00f3 Morales.<\/p>\n","protected":false},"excerpt":{"rendered":"<p>El gobernador Gerardo Morales firmar\u00e1 el decreto correspondiente. Prev\u00e9n un posible retorno voluntario de alumnos despu\u00e9s de ese periodo. El gobernador Gerardo Morales asegur\u00f3 firmar\u00e1 un decreto para adelantar el receso invernal escolar. El mandatario provincial puntualiz\u00f3 que ser\u00e1 desde el 1 al 15 de julio por la situaci\u00f3n que atraviesa el pais por la [&hellip;]<\/p>\n","protected":false},"author":1,"featured_media":241540,"comment_status":"open","ping_status":"open","sticky":false,"template":"","format":"standard","meta":{"_stopmodifiedupdate":false,"_modified_date":"","inline_featured_image":false,"spay_email":"","jetpack_publicize_message":"El gobernador Gerardo Morales firmar\u00e1 el decreto correspondiente. Prev\u00e9n un posible retorno voluntario de alumnos despu\u00e9s de ese periodo."},"categories":[2],"tags":[],"jetpack_featured_media_url":"https:\/\/notinor.com\/jujuy\/wp-content\/uploads\/2020\/05\/clases.jpg","jetpack_publicize_connections":[],"_links":{"self":[{"href":"https:\/\/notinor.com\/jujuy\/wp-json\/wp\/v2\/posts\/241539"}],"collection":[{"href":"https:\/\/notinor.com\/jujuy\/wp-json\/wp\/v2\/posts"}],"about":[{"href":"https:\/\/notinor.com\/jujuy\/wp-json\/wp\/v2\/types\/post"}],"author":[{"embeddable":true,"href":"https:\/\/notinor.com\/jujuy\/wp-json\/wp\/v2\/users\/1"}],"replies":[{"embeddable":true,"href":"https:\/\/notinor.com\/jujuy\/wp-json\/wp\/v2\/comments?post=241539"}],"version-history":[{"count":4,"href":"https:\/\/notinor.com\/jujuy\/wp-json\/wp\/v2\/posts\/241539\/revisions"}],"predecessor-version":[{"id":241552,"href":"https:\/\/notinor.com\/jujuy\/wp-json\/wp\/v2\/posts\/241539\/revisions\/241552"}],"wp:featuredmedia":[{"embeddable":true,"href":"https:\/\/notinor.com\/jujuy\/wp-json\/wp\/v2\/media\/241540"}],"wp:attachment":[{"href":"https:\/\/notinor.com\/jujuy\/wp-json\/wp\/v2\/media?parent=241539"}],"wp:term":[{"taxonomy":"category","embeddable":true,"href":"https:\/\/notinor.com\/jujuy\/wp-json\/wp\/v2\/categories?post=241539"},{"taxonomy":"post_tag","embeddable":true,"href":"https:\/\/notinor.com\/jujuy\/wp-json\/wp\/v2\/tags?post=241539"}],"curies":[{"name":"wp","href":"https:\/\/api.w.org\/{rel}","templated":true}]}}