{"id":241531,"date":"2020-05-26T20:48:52","date_gmt":"2020-05-26T23:48:52","guid":{"rendered":"https:\/\/notinor.com\/jujuy\/?p=241531"},"modified":"2020-05-26T20:48:56","modified_gmt":"2020-05-26T23:48:56","slug":"ciudad-perico-urgente-se-incendio-un-colectivo","status":"publish","type":"post","link":"https:\/\/notinor.com\/jujuy\/ciudad-perico-urgente-se-incendio-un-colectivo\/","title":{"rendered":"Ciudad Perico \u00a1Urgente!. Se incendio un Colectivo."},"content":{"rendered":"\n<p>Ocurrio en la tarde de hoy aprox. A hs. 18.30,se trata de una unidad de transporte de la empresa Santa Rosa que cumple el servicio urbano en perico.<\/p>\n\n\n\n<figure class=\"wp-block-image size-large\"><img decoding=\"async\" loading=\"lazy\" width=\"1280\" height=\"770\" src=\"https:\/\/i1.wp.com\/notinor.com\/jujuy\/wp-content\/uploads\/2020\/05\/WhatsApp-Image-2020-05-26-at-8.34.10-PM.jpeg?fit=798%2C480&amp;ssl=1\" alt=\"\" class=\"wp-image-241533\" srcset=\"https:\/\/notinor.com\/jujuy\/wp-content\/uploads\/2020\/05\/WhatsApp-Image-2020-05-26-at-8.34.10-PM.jpeg 1280w, https:\/\/notinor.com\/jujuy\/wp-content\/uploads\/2020\/05\/WhatsApp-Image-2020-05-26-at-8.34.10-PM-607x365.jpeg 607w, https:\/\/notinor.com\/jujuy\/wp-content\/uploads\/2020\/05\/WhatsApp-Image-2020-05-26-at-8.34.10-PM-798x480.jpeg 798w, https:\/\/notinor.com\/jujuy\/wp-content\/uploads\/2020\/05\/WhatsApp-Image-2020-05-26-at-8.34.10-PM-768x462.jpeg 768w\" sizes=\"(max-width: 1280px) 100vw, 1280px\" \/><\/figure>\n\n\n\n<p>La unidad comenz\u00f3 a arder cuando cruzaba la esquina de Moreno y LAVALLE de la ciudad de perico. Cuando el coche se detuvo comenzando a arder en la parte exterior lado de abajo.<\/p>\n\n\n\n<p> Inmediatamente el ch\u00f3fer bajo a los pasajeros y en contados minutos llegaron los bomberos de la polic\u00eda de la provincia extinguiendo el foco igneo.<\/p>\n\n\n\n<figure class=\"wp-block-image size-large\"><img decoding=\"async\" loading=\"lazy\" width=\"1280\" height=\"770\" src=\"https:\/\/i2.wp.com\/notinor.com\/jujuy\/wp-content\/uploads\/2020\/05\/WhatsApp-Image-2020-05-26-at-8.34.10-PM-1.jpeg?fit=798%2C480&amp;ssl=1\" alt=\"\" class=\"wp-image-241534\" srcset=\"https:\/\/notinor.com\/jujuy\/wp-content\/uploads\/2020\/05\/WhatsApp-Image-2020-05-26-at-8.34.10-PM-1.jpeg 1280w, https:\/\/notinor.com\/jujuy\/wp-content\/uploads\/2020\/05\/WhatsApp-Image-2020-05-26-at-8.34.10-PM-1-607x365.jpeg 607w, https:\/\/notinor.com\/jujuy\/wp-content\/uploads\/2020\/05\/WhatsApp-Image-2020-05-26-at-8.34.10-PM-1-798x480.jpeg 798w, https:\/\/notinor.com\/jujuy\/wp-content\/uploads\/2020\/05\/WhatsApp-Image-2020-05-26-at-8.34.10-PM-1-768x462.jpeg 768w\" sizes=\"(max-width: 1280px) 100vw, 1280px\" \/><\/figure>\n\n\n\n<p>Por momentos se vio al veh\u00edculo envolverse en llamas lo que motivo que de inmediato los agentes de tr\u00e1nsito cortaran todas las v\u00edas de acceso al lugar. <\/p>\n\n\n\n<p>De acuerdo a lo que informa la polic\u00eda se habr\u00eda tratado de un desperfecto el\u00e9ctrico, lo que habr\u00eda originado el incendio\u2026<\/p>\n\n\n\n<p>por estos momentos el personal especializado se encuentra haciendo las pericias correspondientes.<\/p>\n\n\n\n<figure class=\"wp-block-image size-large\"><img decoding=\"async\" loading=\"lazy\" width=\"1280\" height=\"770\" src=\"https:\/\/i2.wp.com\/notinor.com\/jujuy\/wp-content\/uploads\/2020\/05\/WhatsApp-Image-2020-05-26-at-8.34.09-PM-1.jpeg?fit=798%2C480&amp;ssl=1\" alt=\"\" class=\"wp-image-241535\" srcset=\"https:\/\/notinor.com\/jujuy\/wp-content\/uploads\/2020\/05\/WhatsApp-Image-2020-05-26-at-8.34.09-PM-1.jpeg 1280w, https:\/\/notinor.com\/jujuy\/wp-content\/uploads\/2020\/05\/WhatsApp-Image-2020-05-26-at-8.34.09-PM-1-607x365.jpeg 607w, https:\/\/notinor.com\/jujuy\/wp-content\/uploads\/2020\/05\/WhatsApp-Image-2020-05-26-at-8.34.09-PM-1-798x480.jpeg 798w, https:\/\/notinor.com\/jujuy\/wp-content\/uploads\/2020\/05\/WhatsApp-Image-2020-05-26-at-8.34.09-PM-1-768x462.jpeg 768w\" sizes=\"(max-width: 1280px) 100vw, 1280px\" \/><\/figure>\n\n\n\n<div class=\"wp-block-image\"><figure class=\"alignleft size-large is-resized\"><img decoding=\"async\" loading=\"lazy\" src=\"https:\/\/i0.wp.com\/notinor.com\/jujuy\/wp-content\/uploads\/2020\/05\/WhatsApp-Image-2020-05-26-at-8.34.10-PM-2.jpeg?fit=267%2C480&amp;ssl=1\" alt=\"\" class=\"wp-image-241536\" width=\"379\" height=\"681\" srcset=\"https:\/\/notinor.com\/jujuy\/wp-content\/uploads\/2020\/05\/WhatsApp-Image-2020-05-26-at-8.34.10-PM-2.jpeg 480w, https:\/\/notinor.com\/jujuy\/wp-content\/uploads\/2020\/05\/WhatsApp-Image-2020-05-26-at-8.34.10-PM-2-203x365.jpeg 203w, https:\/\/notinor.com\/jujuy\/wp-content\/uploads\/2020\/05\/WhatsApp-Image-2020-05-26-at-8.34.10-PM-2-267x480.jpeg 267w\" sizes=\"(max-width: 379px) 100vw, 379px\" \/><\/figure><\/div>\n\n\n\n<p><\/p>\n","protected":false},"excerpt":{"rendered":"<p>Ocurrio en la tarde de hoy aprox. A hs. 18.30,se trata de una unidad de transporte de la empresa Santa Rosa que cumple el servicio urbano en perico. La unidad comenz\u00f3 a arder cuando cruzaba la esquina de Moreno y LAVALLE de la ciudad de perico. Cuando el coche se detuvo comenzando a arder en [&hellip;]<\/p>\n","protected":false},"author":40,"featured_media":241533,"comment_status":"open","ping_status":"open","sticky":false,"template":"","format":"standard","meta":{"_stopmodifiedupdate":false,"_modified_date":"","inline_featured_image":false,"spay_email":"","jetpack_publicize_message":""},"categories":[4],"tags":[],"jetpack_featured_media_url":"https:\/\/notinor.com\/jujuy\/wp-content\/uploads\/2020\/05\/WhatsApp-Image-2020-05-26-at-8.34.10-PM.jpeg","jetpack_publicize_connections":[],"_links":{"self":[{"href":"https:\/\/notinor.com\/jujuy\/wp-json\/wp\/v2\/posts\/241531"}],"collection":[{"href":"https:\/\/notinor.com\/jujuy\/wp-json\/wp\/v2\/posts"}],"about":[{"href":"https:\/\/notinor.com\/jujuy\/wp-json\/wp\/v2\/types\/post"}],"author":[{"embeddable":true,"href":"https:\/\/notinor.com\/jujuy\/wp-json\/wp\/v2\/users\/40"}],"replies":[{"embeddable":true,"href":"https:\/\/notinor.com\/jujuy\/wp-json\/wp\/v2\/comments?post=241531"}],"version-history":[{"count":1,"href":"https:\/\/notinor.com\/jujuy\/wp-json\/wp\/v2\/posts\/241531\/revisions"}],"predecessor-version":[{"id":241538,"href":"https:\/\/notinor.com\/jujuy\/wp-json\/wp\/v2\/posts\/241531\/revisions\/241538"}],"wp:featuredmedia":[{"embeddable":true,"href":"https:\/\/notinor.com\/jujuy\/wp-json\/wp\/v2\/media\/241533"}],"wp:attachment":[{"href":"https:\/\/notinor.com\/jujuy\/wp-json\/wp\/v2\/media?parent=241531"}],"wp:term":[{"taxonomy":"category","embeddable":true,"href":"https:\/\/notinor.com\/jujuy\/wp-json\/wp\/v2\/categories?post=241531"},{"taxonomy":"post_tag","embeddable":true,"href":"https:\/\/notinor.com\/jujuy\/wp-json\/wp\/v2\/tags?post=241531"}],"curies":[{"name":"wp","href":"https:\/\/api.w.org\/{rel}","templated":true}]}}