{"id":241068,"date":"2020-05-23T18:28:53","date_gmt":"2020-05-23T21:28:53","guid":{"rendered":"https:\/\/notinor.com\/jujuy\/?p=241068"},"modified":"2020-05-23T18:31:09","modified_gmt":"2020-05-23T21:31:09","slug":"investigan-la-muerte-de-un-hombre-asesinado-a-sangre-fria","status":"publish","type":"post","link":"https:\/\/notinor.com\/jujuy\/investigan-la-muerte-de-un-hombre-asesinado-a-sangre-fria\/","title":{"rendered":"Investigan el asesinato \"a sangre fr\u00eda\" de un hombre"},"content":{"rendered":"\n<p>La Polic\u00eda investiga el asesinato de un hombre de 50 a\u00f1os cuyo cad\u00e1ver fue localizado esta madrugada en un sector conocido como \"La Ladrillera\" en el barrio Santa Cecilia de la ciudad de San Pedro de Jujuy, seg\u00fan informaron  fuentes policiales<\/p>\n\n\n\n<figure class=\"wp-block-image size-large\"><img decoding=\"async\" loading=\"lazy\" width=\"990\" height=\"610\" src=\"https:\/\/i0.wp.com\/notinor.com\/jujuy\/wp-content\/uploads\/2020\/05\/san-pedro-homicidio.jpg?fit=779%2C480&amp;ssl=1\" alt=\"\" class=\"wp-image-241070\" srcset=\"https:\/\/notinor.com\/jujuy\/wp-content\/uploads\/2020\/05\/san-pedro-homicidio.jpg 990w, https:\/\/notinor.com\/jujuy\/wp-content\/uploads\/2020\/05\/san-pedro-homicidio-592x365.jpg 592w, https:\/\/notinor.com\/jujuy\/wp-content\/uploads\/2020\/05\/san-pedro-homicidio-779x480.jpg 779w, https:\/\/notinor.com\/jujuy\/wp-content\/uploads\/2020\/05\/san-pedro-homicidio-768x473.jpg 768w, https:\/\/notinor.com\/jujuy\/wp-content\/uploads\/2020\/05\/san-pedro-homicidio-300x184.jpg 300w\" sizes=\"(max-width: 990px) 100vw, 990px\" \/><\/figure>\n\n\n\n<p>El cad\u00e1ver tendr\u00eda heridas provocadas por un arma blanca. Horas despu\u00e9s de lo sucedido fueron detenidos dos sujetos de 23 y 29 a\u00f1os, que ser\u00edan los responsables.<br>\nCabe recordar que el tr\u00e1gico hallazgo fue alertado por efectivos de la seccional 48 del barrio Patricio y de la Brigada de Investigaciones.<br>\nEl cuerpo permanece en la morgue del Centro Judicial de San Pedro a la espera de los resultados de la autopsia. Por el momento, la v\u00edctima no fue identificada.&nbsp;&nbsp;<\/p>\n","protected":false},"excerpt":{"rendered":"<p>La Polic\u00eda investiga el asesinato de un hombre de 50 a\u00f1os cuyo cad\u00e1ver fue localizado esta madrugada en un sector conocido como \"La Ladrillera\" en el barrio Santa Cecilia de la ciudad de San Pedro de Jujuy, seg\u00fan informaron fuentes policiales El cad\u00e1ver tendr\u00eda heridas provocadas por un arma blanca. Horas despu\u00e9s de lo sucedido [&hellip;]<\/p>\n","protected":false},"author":1,"featured_media":241070,"comment_status":"closed","ping_status":"closed","sticky":false,"template":"","format":"standard","meta":{"_stopmodifiedupdate":false,"_modified_date":"","inline_featured_image":false,"spay_email":"","jetpack_publicize_message":"La v\u00edctima presentaba heridas de arma blanca en su cuerpo. Ocurri\u00f3 en San Pedro de Jujuy."},"categories":[3],"tags":[],"jetpack_featured_media_url":"https:\/\/notinor.com\/jujuy\/wp-content\/uploads\/2020\/05\/san-pedro-homicidio.jpg","jetpack_publicize_connections":[],"_links":{"self":[{"href":"https:\/\/notinor.com\/jujuy\/wp-json\/wp\/v2\/posts\/241068"}],"collection":[{"href":"https:\/\/notinor.com\/jujuy\/wp-json\/wp\/v2\/posts"}],"about":[{"href":"https:\/\/notinor.com\/jujuy\/wp-json\/wp\/v2\/types\/post"}],"author":[{"embeddable":true,"href":"https:\/\/notinor.com\/jujuy\/wp-json\/wp\/v2\/users\/1"}],"replies":[{"embeddable":true,"href":"https:\/\/notinor.com\/jujuy\/wp-json\/wp\/v2\/comments?post=241068"}],"version-history":[{"count":3,"href":"https:\/\/notinor.com\/jujuy\/wp-json\/wp\/v2\/posts\/241068\/revisions"}],"predecessor-version":[{"id":241072,"href":"https:\/\/notinor.com\/jujuy\/wp-json\/wp\/v2\/posts\/241068\/revisions\/241072"}],"wp:featuredmedia":[{"embeddable":true,"href":"https:\/\/notinor.com\/jujuy\/wp-json\/wp\/v2\/media\/241070"}],"wp:attachment":[{"href":"https:\/\/notinor.com\/jujuy\/wp-json\/wp\/v2\/media?parent=241068"}],"wp:term":[{"taxonomy":"category","embeddable":true,"href":"https:\/\/notinor.com\/jujuy\/wp-json\/wp\/v2\/categories?post=241068"},{"taxonomy":"post_tag","embeddable":true,"href":"https:\/\/notinor.com\/jujuy\/wp-json\/wp\/v2\/tags?post=241068"}],"curies":[{"name":"wp","href":"https:\/\/api.w.org\/{rel}","templated":true}]}}