{"id":241050,"date":"2020-05-23T15:19:07","date_gmt":"2020-05-23T18:19:07","guid":{"rendered":"https:\/\/notinor.com\/jujuy\/?p=241050"},"modified":"2020-05-24T01:44:21","modified_gmt":"2020-05-24T04:44:21","slug":"perico-fabricara-bloques-ecologicos","status":"publish","type":"post","link":"https:\/\/notinor.com\/jujuy\/perico-fabricara-bloques-ecologicos\/","title":{"rendered":"PERICO FABRICARA BLOQUES ECOL\u00d3GICOS."},"content":{"rendered":"\n<p>La Encargada del \u00c1rea Ambiente de la Municipalidad de Perico, Sta. Anah\u00ed Paredes adelanto que el pr\u00f3ximo martes 26 de mayo a hs. 10:00 en el parque industrial,se realizara la firma de un Importante  convenio de Cooperaci\u00f3n y Reciprocidad entre el Municipio representado por el Intendente Lic. Luciano Demarco y el Titular de la empresa Triveco Prof. Luis Canciani . <\/p>\n\n\n\n<div class=\"wp-block-image\"><figure class=\"aligncenter size-large\"><img decoding=\"async\" loading=\"lazy\" width=\"720\" height=\"720\" src=\"https:\/\/i2.wp.com\/notinor.com\/jujuy\/wp-content\/uploads\/2020\/05\/WhatsApp-Image-2020-05-23-at-3.10.41-PM.jpeg?fit=480%2C480&amp;ssl=1\" alt=\"\" class=\"wp-image-241051\" srcset=\"https:\/\/notinor.com\/jujuy\/wp-content\/uploads\/2020\/05\/WhatsApp-Image-2020-05-23-at-3.10.41-PM.jpeg 720w, https:\/\/notinor.com\/jujuy\/wp-content\/uploads\/2020\/05\/WhatsApp-Image-2020-05-23-at-3.10.41-PM-365x365.jpeg 365w, https:\/\/notinor.com\/jujuy\/wp-content\/uploads\/2020\/05\/WhatsApp-Image-2020-05-23-at-3.10.41-PM-480x480.jpeg 480w, https:\/\/notinor.com\/jujuy\/wp-content\/uploads\/2020\/05\/WhatsApp-Image-2020-05-23-at-3.10.41-PM-100x100.jpeg 100w, https:\/\/notinor.com\/jujuy\/wp-content\/uploads\/2020\/05\/WhatsApp-Image-2020-05-23-at-3.10.41-PM-75x75.jpeg 75w\" sizes=\"(max-width: 720px) 100vw, 720px\" \/><\/figure><\/div>\n\n\n\n<p>El prop\u00f3sito del convenio es la construcci\u00f3n de Bloques ecol\u00f3gicos a base de Pet-plast (residuos pl\u00e1sticos). Destacando que el municipio de Perico ser\u00e1 Pionero en desarrollar est\u00e1 actividad, apostando a una construcci\u00f3n social ecol\u00f3gica sustentable Luego de la aprobaci\u00f3n por parte del Conicet al Plan Piloto Perico Sustentable.<\/p>\n\n\n\n<div class=\"wp-block-image\"><figure class=\"aligncenter size-large is-resized\"><img decoding=\"async\" loading=\"lazy\" src=\"https:\/\/i2.wp.com\/notinor.com\/jujuy\/wp-content\/uploads\/2020\/05\/WhatsApp-Image-2020-05-23-at-3.10.41-PM-1.jpeg?fit=479%2C480&amp;ssl=1\" alt=\"\" class=\"wp-image-241052\" width=\"299\" height=\"300\" srcset=\"https:\/\/notinor.com\/jujuy\/wp-content\/uploads\/2020\/05\/WhatsApp-Image-2020-05-23-at-3.10.41-PM-1.jpeg 719w, https:\/\/notinor.com\/jujuy\/wp-content\/uploads\/2020\/05\/WhatsApp-Image-2020-05-23-at-3.10.41-PM-1-364x365.jpeg 364w, https:\/\/notinor.com\/jujuy\/wp-content\/uploads\/2020\/05\/WhatsApp-Image-2020-05-23-at-3.10.41-PM-1-479x480.jpeg 479w, https:\/\/notinor.com\/jujuy\/wp-content\/uploads\/2020\/05\/WhatsApp-Image-2020-05-23-at-3.10.41-PM-1-100x100.jpeg 100w\" sizes=\"(max-width: 299px) 100vw, 299px\" \/><\/figure><\/div>\n\n\n\n<p>Por ultimo la funcionaria aclaro que el Proyecto es acompa\u00f1ado por el Programa Recolecci\u00f3n Diferenciada, que comenz\u00f3 d\u00edas pasados con la participaci\u00f3n de varios barrios de Perico, el material acopiado se traslada al Parque Industrial, para la fabricaci\u00f3n de los Bloques ecol\u00f3gicos.<\/p>\n\n\n\n<div class=\"wp-block-image\"><figure class=\"aligncenter size-large is-resized\"><img decoding=\"async\" loading=\"lazy\" src=\"https:\/\/i0.wp.com\/notinor.com\/jujuy\/wp-content\/uploads\/2020\/05\/WhatsApp-Image-2020-05-23-at-3.10.42-PM.jpeg?fit=221%2C480&amp;ssl=1\" alt=\"\" class=\"wp-image-241053\" width=\"173\" height=\"375\" srcset=\"https:\/\/notinor.com\/jujuy\/wp-content\/uploads\/2020\/05\/WhatsApp-Image-2020-05-23-at-3.10.42-PM.jpeg 590w, https:\/\/notinor.com\/jujuy\/wp-content\/uploads\/2020\/05\/WhatsApp-Image-2020-05-23-at-3.10.42-PM-168x365.jpeg 168w, https:\/\/notinor.com\/jujuy\/wp-content\/uploads\/2020\/05\/WhatsApp-Image-2020-05-23-at-3.10.42-PM-221x480.jpeg 221w\" sizes=\"(max-width: 173px) 100vw, 173px\" \/><\/figure><\/div>\n\n\n\n<p><\/p>\n","protected":false},"excerpt":{"rendered":"<p>La Encargada del \u00c1rea Ambiente de la Municipalidad de Perico, Sta. Anah\u00ed Paredes adelanto que el pr\u00f3ximo martes 26 de mayo a hs. 10:00 en el parque industrial,se realizara la firma de un Importante convenio de Cooperaci\u00f3n y Reciprocidad entre el Municipio representado por el Intendente Lic. Luciano Demarco y el Titular de la empresa [&hellip;]<\/p>\n","protected":false},"author":40,"featured_media":241051,"comment_status":"open","ping_status":"open","sticky":false,"template":"","format":"standard","meta":{"_stopmodifiedupdate":false,"_modified_date":"","inline_featured_image":false,"spay_email":"","jetpack_publicize_message":""},"categories":[4],"tags":[],"jetpack_featured_media_url":"https:\/\/notinor.com\/jujuy\/wp-content\/uploads\/2020\/05\/WhatsApp-Image-2020-05-23-at-3.10.41-PM.jpeg","jetpack_publicize_connections":[],"_links":{"self":[{"href":"https:\/\/notinor.com\/jujuy\/wp-json\/wp\/v2\/posts\/241050"}],"collection":[{"href":"https:\/\/notinor.com\/jujuy\/wp-json\/wp\/v2\/posts"}],"about":[{"href":"https:\/\/notinor.com\/jujuy\/wp-json\/wp\/v2\/types\/post"}],"author":[{"embeddable":true,"href":"https:\/\/notinor.com\/jujuy\/wp-json\/wp\/v2\/users\/40"}],"replies":[{"embeddable":true,"href":"https:\/\/notinor.com\/jujuy\/wp-json\/wp\/v2\/comments?post=241050"}],"version-history":[{"count":3,"href":"https:\/\/notinor.com\/jujuy\/wp-json\/wp\/v2\/posts\/241050\/revisions"}],"predecessor-version":[{"id":241122,"href":"https:\/\/notinor.com\/jujuy\/wp-json\/wp\/v2\/posts\/241050\/revisions\/241122"}],"wp:featuredmedia":[{"embeddable":true,"href":"https:\/\/notinor.com\/jujuy\/wp-json\/wp\/v2\/media\/241051"}],"wp:attachment":[{"href":"https:\/\/notinor.com\/jujuy\/wp-json\/wp\/v2\/media?parent=241050"}],"wp:term":[{"taxonomy":"category","embeddable":true,"href":"https:\/\/notinor.com\/jujuy\/wp-json\/wp\/v2\/categories?post=241050"},{"taxonomy":"post_tag","embeddable":true,"href":"https:\/\/notinor.com\/jujuy\/wp-json\/wp\/v2\/tags?post=241050"}],"curies":[{"name":"wp","href":"https:\/\/api.w.org\/{rel}","templated":true}]}}