{"id":241042,"date":"2020-05-23T14:14:44","date_gmt":"2020-05-23T17:14:44","guid":{"rendered":"https:\/\/notinor.com\/jujuy\/?p=241042"},"modified":"2020-05-23T14:14:50","modified_gmt":"2020-05-23T17:14:50","slug":"alberto-fernandez-en-la-inmensa-mayoria-del-pais-estamos-controlando-la-pandemia","status":"publish","type":"post","link":"https:\/\/notinor.com\/jujuy\/alberto-fernandez-en-la-inmensa-mayoria-del-pais-estamos-controlando-la-pandemia\/","title":{"rendered":"Alberto Fern\u00e1ndez: \"En la inmensa mayor\u00eda del pa\u00eds estamos controlando la pandemia\""},"content":{"rendered":"\n<p>El presidente agreg\u00f3 que se esta retomando la actividad en casi todo el territorio nacional, pero hoy anunciar\u00e1 la extensi\u00f3n de la cuarentena. <\/p>\n\n\n\n<figure class=\"wp-block-image size-large\"><img decoding=\"async\" loading=\"lazy\" width=\"1033\" height=\"688\" src=\"https:\/\/i1.wp.com\/notinor.com\/jujuy\/wp-content\/uploads\/2020\/05\/3262420w1033.jpg?fit=721%2C480&amp;ssl=1\" alt=\"\" class=\"wp-image-241044\" srcset=\"https:\/\/notinor.com\/jujuy\/wp-content\/uploads\/2020\/05\/3262420w1033.jpg 1033w, https:\/\/notinor.com\/jujuy\/wp-content\/uploads\/2020\/05\/3262420w1033-548x365.jpg 548w, https:\/\/notinor.com\/jujuy\/wp-content\/uploads\/2020\/05\/3262420w1033-721x480.jpg 721w, https:\/\/notinor.com\/jujuy\/wp-content\/uploads\/2020\/05\/3262420w1033-768x512.jpg 768w, https:\/\/notinor.com\/jujuy\/wp-content\/uploads\/2020\/05\/3262420w1033-400x266.jpg 400w\" sizes=\"(max-width: 1033px) 100vw, 1033px\" \/><\/figure>\n\n\n\n<p class=\"has-background has-vivid-cyan-blue-background-color\">Despu\u00e9s de su primer\u00a0viaje al interior del pa\u00eds\u00a0desde que comenz\u00f3 el aislamiento social, preventivo y obligatorio, y horas antes de\u00a0anunciar una nueva pr\u00f3rroga\u00a0de la\u00a0<strong>cuarentena\u00a0<\/strong>con el foco en el \u00e1rea metropolitana, el presidente\u00a0<strong>Alberto Fern\u00e1ndez\u00a0<\/strong>destac\u00f3 que \"en la inmensa mayor\u00eda\" del pa\u00eds se est\u00e1 \"controlando la pandemia\" de coronavirus.<\/p>\n\n\n\n<p>\"San Juan ha podido reactivar el 92% de su econom\u00eda. Pude ver c\u00f3mo vuelve a reiniciarse la producci\u00f3n en Santiago del Estero y en Tucum\u00e1n.\u00a0<strong>En la inmensa mayor\u00eda del territorio argentino estamos controlando la pandemia y retornando a la actividad.\u00a0<\/strong>Unidos vamos a lograrlo\", escribi\u00f3 Fern\u00e1ndez en su cuenta de Twitter al filo de la medianoche.<\/p>\n\n\n\n<figure class=\"wp-block-embed-twitter wp-block-embed is-type-rich is-provider-twitter\"><div class=\"wp-block-embed__wrapper\">\n<blockquote class=\"twitter-tweet\" data-width=\"500\" data-dnt=\"true\"><p lang=\"es\" dir=\"ltr\">Con el presidente <a href=\"https:\/\/twitter.com\/alferdez?ref_src=twsrc%5Etfw\">@alferdez<\/a> y el ministro <a href=\"https:\/\/twitter.com\/gkatopodis?ref_src=twsrc%5Etfw\">@gkatopodis<\/a> firmamos convenios por casi 4000 millones en obras para <a href=\"https:\/\/twitter.com\/hashtag\/SanJuan?src=hash&amp;ref_src=twsrc%5Etfw\">#SanJuan<\/a> y sus municipios. Adem\u00e1s le coment\u00e9 nuestro status sanitario y que hemos logrado reactivar el 92% de la econom\u00eda gracias a la responsabilidad de los sanjuaninos <a href=\"https:\/\/t.co\/nX6gaVMIBp\">pic.twitter.com\/nX6gaVMIBp<\/a><\/p>&mdash; Sergio U\u00f1ac (@sergiounac) <a href=\"https:\/\/twitter.com\/sergiounac\/status\/1263998966951264256?ref_src=twsrc%5Etfw\">May 23, 2020<\/a><\/blockquote><script async src=\"https:\/\/platform.twitter.com\/widgets.js\" charset=\"utf-8\"><\/script>\n<\/div><\/figure>\n\n\n\n<p>El mandatario comparti\u00f3 un tuit del gobernador de San Juan,\u00a0<strong>Sergio U\u00f1ac,\u00a0<\/strong>en el que mostraba una reuni\u00f3n con Fern\u00e1ndez y el ministro de Obras P\u00fablicas,\u00a0<strong>Gabriel Katopodis,\u00a0<\/strong>en Olivos, donde firmaron convenios para la realizaci\u00f3n de obras de infraestructura para la provisi\u00f3n de agua potable y redes de saneamiento cloacal en esa provincia, por un monto cercano a los 4000 millones de pesos, seg\u00fan dec\u00eda el mensaje. \"Adem\u00e1s le coment\u00e9 [al Presidente] nuestro status sanitario y que hemos logrado reactivar el 92% de la econom\u00eda gracias a la responsabilidad de los sanjuaninos\", dec\u00eda U\u00f1ac en Twitter. <\/p>\n\n\n\n<p>El jueves, el mandatario visit\u00f3 las provincias de\u00a0Santiago del Estero\u00a0y Tucum\u00e1n, donde recorri\u00f3 obras y se reuni\u00f3 con los gobernadores\u00a0<strong>Gerardo Zamora\u00a0<\/strong>y\u00a0<strong>Juan Manzur,\u00a0<\/strong>respectivamente.<\/p>\n\n\n\n<p>Alberto Fern\u00e1ndez\u00a0<strong>anunciar\u00e1 hoy una nueva etapa de la cuarentena por al menos dos semanas m\u00e1s.\u00a0<\/strong>Mientras en el interior del pa\u00eds varias provincias o ciudades ya est\u00e1n en la fase cuatro, de reapertura progresiva, el mandatario junto al gobernador de Buenos Aires,\u00a0<strong>Axel Kicillof,\u00a0<\/strong>y el jefe de gobierno porte\u00f1o,\u00a0<strong>Horacio Rodr\u00edguez Larreta,\u00a0<\/strong>dispondr\u00e1 de medidas de\u00a0mayor restricci\u00f3n de la circulaci\u00f3n\u00a0en el \u00e1rea metropolitana de Buenos Aires (AMBA).<\/p>\n\n\n\n<p>Ante el crecimiento de casos en esa zona, anunciar\u00e1n que\u00a0solo podr\u00e1n viajar los trabajadores de actividades esenciales,\u00a0que deber\u00e1n tramitar un nuevo permiso, mientras que la Capital podr\u00eda ordenar el cierre de algunos de los comercios que reabrieron la semana pasada.<\/p>\n\n\n\n<p>De los\u00a0718 casos de ayer,\u00a0670 (el 93 por ciento) corresponden a la Capital y la provincia.<\/p>\n","protected":false},"excerpt":{"rendered":"<p>El presidente agreg\u00f3 que se esta retomando la actividad en casi todo el territorio nacional, pero hoy anunciar\u00e1 la extensi\u00f3n de la cuarentena. Despu\u00e9s de su primer\u00a0viaje al interior del pa\u00eds\u00a0desde que comenz\u00f3 el aislamiento social, preventivo y obligatorio, y horas antes de\u00a0anunciar una nueva pr\u00f3rroga\u00a0de la\u00a0cuarentena\u00a0con el foco en el \u00e1rea metropolitana, el presidente\u00a0Alberto [&hellip;]<\/p>\n","protected":false},"author":37,"featured_media":241044,"comment_status":"open","ping_status":"open","sticky":false,"template":"","format":"standard","meta":{"_stopmodifiedupdate":false,"_modified_date":"","inline_featured_image":false,"spay_email":"","jetpack_publicize_message":"El presidente agreg\u00f3 que se esta retomando la actividad en casi todo el territorio nacional, pero hoy anunciar\u00e1 la extensi\u00f3n de la cuarentena"},"categories":[5],"tags":[],"jetpack_featured_media_url":"https:\/\/notinor.com\/jujuy\/wp-content\/uploads\/2020\/05\/3262420w1033.jpg","jetpack_publicize_connections":[],"_links":{"self":[{"href":"https:\/\/notinor.com\/jujuy\/wp-json\/wp\/v2\/posts\/241042"}],"collection":[{"href":"https:\/\/notinor.com\/jujuy\/wp-json\/wp\/v2\/posts"}],"about":[{"href":"https:\/\/notinor.com\/jujuy\/wp-json\/wp\/v2\/types\/post"}],"author":[{"embeddable":true,"href":"https:\/\/notinor.com\/jujuy\/wp-json\/wp\/v2\/users\/37"}],"replies":[{"embeddable":true,"href":"https:\/\/notinor.com\/jujuy\/wp-json\/wp\/v2\/comments?post=241042"}],"version-history":[{"count":1,"href":"https:\/\/notinor.com\/jujuy\/wp-json\/wp\/v2\/posts\/241042\/revisions"}],"predecessor-version":[{"id":241046,"href":"https:\/\/notinor.com\/jujuy\/wp-json\/wp\/v2\/posts\/241042\/revisions\/241046"}],"wp:featuredmedia":[{"embeddable":true,"href":"https:\/\/notinor.com\/jujuy\/wp-json\/wp\/v2\/media\/241044"}],"wp:attachment":[{"href":"https:\/\/notinor.com\/jujuy\/wp-json\/wp\/v2\/media?parent=241042"}],"wp:term":[{"taxonomy":"category","embeddable":true,"href":"https:\/\/notinor.com\/jujuy\/wp-json\/wp\/v2\/categories?post=241042"},{"taxonomy":"post_tag","embeddable":true,"href":"https:\/\/notinor.com\/jujuy\/wp-json\/wp\/v2\/tags?post=241042"}],"curies":[{"name":"wp","href":"https:\/\/api.w.org\/{rel}","templated":true}]}}