{"id":241037,"date":"2020-05-23T14:10:36","date_gmt":"2020-05-23T17:10:36","guid":{"rendered":"https:\/\/notinor.com\/jujuy\/?p=241037"},"modified":"2020-05-23T14:10:42","modified_gmt":"2020-05-23T17:10:42","slug":"con-barbijo-obligatorio-y-control-de-temperatura-reabriran-los-museos-vaticanos","status":"publish","type":"post","link":"https:\/\/notinor.com\/jujuy\/con-barbijo-obligatorio-y-control-de-temperatura-reabriran-los-museos-vaticanos\/","title":{"rendered":"Con barbijo obligatorio y control de temperatura, reabrir\u00e1n los Museos Vaticanos"},"content":{"rendered":"\n<p>Los Museos Vaticanos reabrir\u00e1n sus puertas al p\u00fablico el 1 de junio,\u00a0bajo estrictas normas de seguridad\u00a0anti-coronavirus. <\/p>\n\n\n\n<figure class=\"wp-block-image size-large\"><img decoding=\"async\" loading=\"lazy\" width=\"1033\" height=\"688\" src=\"https:\/\/i0.wp.com\/notinor.com\/jujuy\/wp-content\/uploads\/2020\/05\/3263510w1033.jpg?fit=721%2C480&amp;ssl=1\" alt=\"\" class=\"wp-image-241040\" srcset=\"https:\/\/notinor.com\/jujuy\/wp-content\/uploads\/2020\/05\/3263510w1033.jpg 1033w, https:\/\/notinor.com\/jujuy\/wp-content\/uploads\/2020\/05\/3263510w1033-548x365.jpg 548w, https:\/\/notinor.com\/jujuy\/wp-content\/uploads\/2020\/05\/3263510w1033-721x480.jpg 721w, https:\/\/notinor.com\/jujuy\/wp-content\/uploads\/2020\/05\/3263510w1033-768x512.jpg 768w, https:\/\/notinor.com\/jujuy\/wp-content\/uploads\/2020\/05\/3263510w1033-400x266.jpg 400w\" sizes=\"(max-width: 1033px) 100vw, 1033px\" \/><\/figure>\n\n\n\n<p class=\"has-background has-vivid-cyan-blue-background-color\">En sinton\u00eda con los lineamientos de Italia, uno de los pa\u00edses europeos m\u00e1s golpeados por el coronavirus que el\u00a0lunes pasado levant\u00f3 casi todas las restricciones\u00a0, el Vaticano anunci\u00f3 hoy que, despu\u00e9s de casi tres meses de cierre,\u00a0<strong>los Museos Vaticanos reabrir\u00e1n sus puertas al p\u00fablico el 1 de junio,\u00a0<\/strong>bajo estrictas normas de seguridad\u00a0<strong>anti-coronavirus.\u00a0<\/strong>Los visitantes, que podr\u00e1n acceder en\u00a0<strong>n\u00fameros limitados,\u00a0<\/strong>deber\u00e1n someterse al\u00a0<strong>control de la temperatura\u00a0<\/strong>y llevar obligatoriamente\u00a0<strong>barbijo,\u00a0<\/strong>medidas que el Vaticano tambi\u00e9n implement\u00f3 a partir del lunes pasado para quienes ingresan a la\u00a0<strong>Bas\u00edlica de San Pedro.<\/strong><\/p>\n\n\n\n<p>\"La actual situaci\u00f3n de emergencia sanitaria ha impuesto como principal presupuesto para poder reabrir el objetivo de conciliar, en el m\u00e1ximo grado posible, las exigencias de seguridad y de la salud, con din\u00e1micas propias de una visita que no sea, sin embargo, desnaturalizada en su esencia\", explic\u00f3 un comunicado de los Museos Vaticanos, uno de los m\u00e1s visitados del mundo, donde en tiempos normales hordas de turistas suelen ir para contemplar, antes que nada, los espectaculares frescos de la\u00a0<strong>Capilla Sixtina.<\/strong><\/p>\n\n\n\n<p> Aunque\u00a0el 3 de junio Italia reabrir\u00e1 sus fronteras\u00a0con los pa\u00edses de la Uni\u00f3n Europea (UE), M\u00f3naco y Suiza, a\u00fan no est\u00e1 claro si los dem\u00e1s har\u00e1n lo mismo y si volver\u00e1n a llegar turistas a la ciudad eterna y a Italia, donde el contagio no ha terminado: ayer se registraron\u00a0<strong>652 nuevos infectados, la mayor\u00eda en el norte, y 132 muertos,\u00a0<\/strong>que elevaron el total de decesos a m\u00e1s de 32.000. <\/p>\n\n\n\n<p>Con un flujo de aproximdamente 27.000 visitantes diarios en tiempos pre-coronavirus,\u00a0<strong>los Museos Vaticanos cada a\u00f1o suelen dar una ganancia de entre 30 y 40 millones de euros\u00a0<\/strong>que van a las arcas del Governatorato, la administraci\u00f3n de la Ciudad del Vaticano. Y son algo as\u00ed como \"la gallina de los huevos de oro\" para el Vaticano, que como el resto del mundo, est\u00e1 sufriendo una\u00a0crisis econ\u00f3mica sin precedente\u00a0.<\/p>\n\n\n\n<p>Los Museos Vaticanos, que esperan ahora que vuelva al menos un flujo de visitantes romanos e italianos, hicieron saber que, m\u00e1s all\u00e1 del control de temperatura y de los barbijos obligatorios, durante el horario de apertura\u00a0<strong>funcionar\u00e1 una guardia m\u00e9dica \"que garantizar\u00e1 cualquier necesaria exigencia\".<\/strong><\/p>\n\n\n\n<h2 id=\"reserva-obligatoria\">Reserva obligatoria<\/h2>\n\n\n\n<p>En sinton\u00eda con varios otros museos italianos, que pudieron reabrir el lunes pasado siempre bajo estrictas medidas de seguridad y n\u00fameros de visitantes limitados, los Museos Vaticanos tambi\u00e9n adelantaron que, al menos por ahora,\u00a0<strong>ser\u00e1 necesario hacer antes de la visita una reserva online\u00a0<\/strong>a trav\u00e9s de\u00a0su sitio,\u00a0sin costo adicional alguno. Y con horarios de apertura distintos a los normales.<\/p>\n\n\n\n<p>Una novedad es que los viernes y los s\u00e1bados, cuando habr\u00e1 un horario m\u00e1s largo, de 10 a 22, ser\u00e1 posible juntar la visita con un aperitivo durante el atardecer romano en el fascinante escenario del Cortile della Pigna, por supuesto tambi\u00e9n despu\u00e9s de una reserva obligatoria, \"sujeta a limitada disponibilidad de lugares en el respeto de las normativas de seguridad en tema de restauraci\u00f3n\".&nbsp;<strong>Qued\u00f3 al momento suspendida la apertura gratuita de los Museos Vaticanos del \u00faltimo domingo de cada mes.<\/strong><\/p>\n","protected":false},"excerpt":{"rendered":"<p>Los Museos Vaticanos reabrir\u00e1n sus puertas al p\u00fablico el 1 de junio,\u00a0bajo estrictas normas de seguridad\u00a0anti-coronavirus. En sinton\u00eda con los lineamientos de Italia, uno de los pa\u00edses europeos m\u00e1s golpeados por el coronavirus que el\u00a0lunes pasado levant\u00f3 casi todas las restricciones\u00a0, el Vaticano anunci\u00f3 hoy que, despu\u00e9s de casi tres meses de cierre,\u00a0los Museos Vaticanos [&hellip;]<\/p>\n","protected":false},"author":37,"featured_media":241040,"comment_status":"open","ping_status":"open","sticky":false,"template":"","format":"standard","meta":{"_stopmodifiedupdate":false,"_modified_date":"","inline_featured_image":false,"spay_email":"","jetpack_publicize_message":"Los Museos Vaticanos reabrir\u00e1n sus puertas al p\u00fablico el 1 de junio, bajo estrictas normas de seguridad anti-coronavirus "},"categories":[6],"tags":[],"jetpack_featured_media_url":"https:\/\/notinor.com\/jujuy\/wp-content\/uploads\/2020\/05\/3263510w1033.jpg","jetpack_publicize_connections":[],"_links":{"self":[{"href":"https:\/\/notinor.com\/jujuy\/wp-json\/wp\/v2\/posts\/241037"}],"collection":[{"href":"https:\/\/notinor.com\/jujuy\/wp-json\/wp\/v2\/posts"}],"about":[{"href":"https:\/\/notinor.com\/jujuy\/wp-json\/wp\/v2\/types\/post"}],"author":[{"embeddable":true,"href":"https:\/\/notinor.com\/jujuy\/wp-json\/wp\/v2\/users\/37"}],"replies":[{"embeddable":true,"href":"https:\/\/notinor.com\/jujuy\/wp-json\/wp\/v2\/comments?post=241037"}],"version-history":[{"count":1,"href":"https:\/\/notinor.com\/jujuy\/wp-json\/wp\/v2\/posts\/241037\/revisions"}],"predecessor-version":[{"id":241041,"href":"https:\/\/notinor.com\/jujuy\/wp-json\/wp\/v2\/posts\/241037\/revisions\/241041"}],"wp:featuredmedia":[{"embeddable":true,"href":"https:\/\/notinor.com\/jujuy\/wp-json\/wp\/v2\/media\/241040"}],"wp:attachment":[{"href":"https:\/\/notinor.com\/jujuy\/wp-json\/wp\/v2\/media?parent=241037"}],"wp:term":[{"taxonomy":"category","embeddable":true,"href":"https:\/\/notinor.com\/jujuy\/wp-json\/wp\/v2\/categories?post=241037"},{"taxonomy":"post_tag","embeddable":true,"href":"https:\/\/notinor.com\/jujuy\/wp-json\/wp\/v2\/tags?post=241037"}],"curies":[{"name":"wp","href":"https:\/\/api.w.org\/{rel}","templated":true}]}}