{"id":241034,"date":"2020-05-23T14:07:28","date_gmt":"2020-05-23T17:07:28","guid":{"rendered":"https:\/\/notinor.com\/jujuy\/?p=241034"},"modified":"2020-05-23T14:07:30","modified_gmt":"2020-05-23T17:07:30","slug":"se-reactiva-el-turismo-permitiran-el-ingreso-de-extranjeros-a-partir-de-julio","status":"publish","type":"post","link":"https:\/\/notinor.com\/jujuy\/se-reactiva-el-turismo-permitiran-el-ingreso-de-extranjeros-a-partir-de-julio\/","title":{"rendered":"Se reactiva el turismo: permitir\u00e1n el ingreso de extranjeros a partir de julio"},"content":{"rendered":"\n<p>El presidente de Espa\u00f1a,\u00a0Pedro S\u00e1nchez\u00a0, anunci\u00f3 hoy que\u00a0habr\u00e1 temporada tur\u00edstica este verano boreal.<\/p>\n\n\n\n<figure class=\"wp-block-image size-large\"><img decoding=\"async\" loading=\"lazy\" width=\"1033\" height=\"688\" src=\"https:\/\/i1.wp.com\/notinor.com\/jujuy\/wp-content\/uploads\/2020\/05\/3255876w1033.png?fit=721%2C480&amp;ssl=1\" alt=\"\" class=\"wp-image-241035\" srcset=\"https:\/\/notinor.com\/jujuy\/wp-content\/uploads\/2020\/05\/3255876w1033.png 1033w, https:\/\/notinor.com\/jujuy\/wp-content\/uploads\/2020\/05\/3255876w1033-548x365.png 548w, https:\/\/notinor.com\/jujuy\/wp-content\/uploads\/2020\/05\/3255876w1033-721x480.png 721w, https:\/\/notinor.com\/jujuy\/wp-content\/uploads\/2020\/05\/3255876w1033-768x512.png 768w, https:\/\/notinor.com\/jujuy\/wp-content\/uploads\/2020\/05\/3255876w1033-400x266.png 400w\" sizes=\"(max-width: 1033px) 100vw, 1033px\" \/><\/figure>\n\n\n\n<p class=\"has-background has-vivid-cyan-blue-background-color\">En\u00a0otro paso de apertura\u00a0tras el confinamiento ante la pandemia del\u00a0<strong>coronavirus,\u00a0<\/strong>el presidente de Espa\u00f1a,\u00a0<strong>Pedro S\u00e1nchez\u00a0<\/strong>, anunci\u00f3 hoy que\u00a0<strong>habr\u00e1 temporada tur\u00edstica este verano boreal\u00a0<\/strong>, por lo que llam\u00f3 a los espa\u00f1oles y a los turistas extranjeros a planear sus\u00a0<strong>vacaciones\u00a0<\/strong>, con el objetivo de\u00a0<strong>reactivar al sector tur\u00edstico\u00a0<\/strong>, uno de los m\u00e1s golpeados por la crisis.<\/p>\n\n\n\n<p>S\u00e1nchez hizo el anuncio en una conferencia de prensa desde\u00a0<strong>Moncloa\u00a0<\/strong>, en la que asegur\u00f3 que el Gobierno\u00a0<strong>reanudar\u00e1 a partir de julio la entrada de turistas extranjeros a Espa\u00f1a \"en condiciones de seguridad\"\u00a0<\/strong>.<\/p>\n\n\n\n<p><strong>\"Habr\u00e1 temporada tur\u00edstica este verano,\u00a0<\/strong>con el prop\u00f3sito de reactivar el turismo nacional, por lo que invito a todos los establecimientos, bares, restaurantes y todos los destinos tur\u00edsticos del pa\u00eds a reanudar su actividad\", dijo el presidente. <\/p>\n\n\n\n<p><strong>El rubro tur\u00edstico es un sector clave para la econom\u00eda espa\u00f1ola&nbsp;<\/strong>, ya que representa un&nbsp;<strong>12,3% del producto interno bruto&nbsp;<\/strong>(PIB) y antes de la pandemia daba&nbsp;<strong>trabajo a 2,45 millones de personas&nbsp;<\/strong>, el 12,7 % de todos los empleos del pa\u00eds. Espa\u00f1a fue en 2019 el segundo pa\u00eds con mayor n\u00famero de visitantes extranjeros, con 83,7 millones de turistas, que gastaron 92.278 millones de euros.<\/p>\n\n\n\n<p>Entre otras medidas de desconfinamiento, el mandatario socialista inform\u00f3 que\u00a0la Liga de f\u00fatbol de Espa\u00f1a se reanudar\u00e1 a partir de la semana del 8 de junio\u00a0.<\/p>\n\n\n\n<p>El presidente del gobierno espa\u00f1ol adelant\u00f3 que adem\u00e1s del f\u00fatbol regresar\u00e1n otras competencias deportivas autorizadas a partir de esa misma semana.<\/p>\n\n\n\n<p>El pa\u00eds ha entrado en una fuerte etapa de flexibilizaci\u00f3n de la cuarentena.&nbsp;<strong>La Comunidad de Madrid y la ciudad de Barcelona&nbsp;<\/strong>, principales focos del brote de coronavirus en Espa\u00f1a,&nbsp;<strong>avanzar\u00e1n el pr\u00f3ximo lunes a la \"fase 1\" del plan de desconfinamiento&nbsp;<\/strong>puesto en marcha en todo el pa\u00eds, tras permanecer rezagadas durante dos semanas.<\/p>\n\n\n\n<h2 id=\"protestas-contra-el-gobierno\">Protestas contra el gobierno<\/h2>\n\n\n\n<p>Con la tirantez pol\u00edtica como tel\u00f3n de fondo y con una poblaci\u00f3n \"mucho m\u00e1s tensa de los habitual\" tras diez semanas de aislamiento, los \u00faltimos d\u00edas ha habido protestas diarias en las calles de Madrid, Zaragoza, Sevilla o M\u00e1laga. Con golpes de cacerola y gritos de \"libertad\", los manifestantes acusan al ejecutivo de restringir derechos y de ineptitud ante el covid-19, que en Espa\u00f1a ha dejado unos 28.000 decesos.<\/p>\n\n\n\n<p>Hoy, fue el\u00a0<strong>partido de ultraderecha Vox\u00a0<\/strong>el que se lanz\u00f3 en manifestaciones contra el Gobierno. Miles de seguidores de la formaci\u00f3n se congregaron en Madrid y en otras ciudades espa\u00f1olas para protestar contra la gesti\u00f3n del gobierno durante la crisis del coronavirus.<\/p>\n\n\n\n<p>Vox pidi\u00f3 a los participantes de la \"Caravana por Espa\u00f1a y su libertad'' que saliesen a la calle en auto y motos para esquivar la prohibici\u00f3n de celebrar reuniones sociales contemplada en el estado de alarma decretado hace dos meses en el pa\u00eds.<\/p>\n\n\n\n<p>El l\u00edder de la formaci\u00f3n, Santiago Abascal, subido a un colectivo descapotable que abri\u00f3 la lenta caravana que recorri\u00f3 el centro de Madrid, inst\u00f3 a sus simpatizantes a pedir la renuncia del presidente del gobierno, Pedro S\u00e1nchez.<\/p>\n\n\n\n<p>La mayor\u00eda de los autos llevaban banderas de Espa\u00f1a y peque\u00f1os grupos de personas siguieron la comitiva a pie, algunos de ellos sin respetar las normas de distancia social.<\/p>\n","protected":false},"excerpt":{"rendered":"<p>El presidente de Espa\u00f1a,\u00a0Pedro S\u00e1nchez\u00a0, anunci\u00f3 hoy que\u00a0habr\u00e1 temporada tur\u00edstica este verano boreal. En\u00a0otro paso de apertura\u00a0tras el confinamiento ante la pandemia del\u00a0coronavirus,\u00a0el presidente de Espa\u00f1a,\u00a0Pedro S\u00e1nchez\u00a0, anunci\u00f3 hoy que\u00a0habr\u00e1 temporada tur\u00edstica este verano boreal\u00a0, por lo que llam\u00f3 a los espa\u00f1oles y a los turistas extranjeros a planear sus\u00a0vacaciones\u00a0, con el objetivo de\u00a0reactivar al [&hellip;]<\/p>\n","protected":false},"author":37,"featured_media":241035,"comment_status":"open","ping_status":"open","sticky":false,"template":"","format":"standard","meta":{"_stopmodifiedupdate":false,"_modified_date":"","inline_featured_image":false,"spay_email":"","jetpack_publicize_message":"El presidente de Espa\u00f1a, Pedro S\u00e1nchez , anunci\u00f3 hoy que habr\u00e1 temporada tur\u00edstica este verano boreal"},"categories":[6],"tags":[],"jetpack_featured_media_url":"https:\/\/notinor.com\/jujuy\/wp-content\/uploads\/2020\/05\/3255876w1033.png","jetpack_publicize_connections":[],"_links":{"self":[{"href":"https:\/\/notinor.com\/jujuy\/wp-json\/wp\/v2\/posts\/241034"}],"collection":[{"href":"https:\/\/notinor.com\/jujuy\/wp-json\/wp\/v2\/posts"}],"about":[{"href":"https:\/\/notinor.com\/jujuy\/wp-json\/wp\/v2\/types\/post"}],"author":[{"embeddable":true,"href":"https:\/\/notinor.com\/jujuy\/wp-json\/wp\/v2\/users\/37"}],"replies":[{"embeddable":true,"href":"https:\/\/notinor.com\/jujuy\/wp-json\/wp\/v2\/comments?post=241034"}],"version-history":[{"count":1,"href":"https:\/\/notinor.com\/jujuy\/wp-json\/wp\/v2\/posts\/241034\/revisions"}],"predecessor-version":[{"id":241036,"href":"https:\/\/notinor.com\/jujuy\/wp-json\/wp\/v2\/posts\/241034\/revisions\/241036"}],"wp:featuredmedia":[{"embeddable":true,"href":"https:\/\/notinor.com\/jujuy\/wp-json\/wp\/v2\/media\/241035"}],"wp:attachment":[{"href":"https:\/\/notinor.com\/jujuy\/wp-json\/wp\/v2\/media?parent=241034"}],"wp:term":[{"taxonomy":"category","embeddable":true,"href":"https:\/\/notinor.com\/jujuy\/wp-json\/wp\/v2\/categories?post=241034"},{"taxonomy":"post_tag","embeddable":true,"href":"https:\/\/notinor.com\/jujuy\/wp-json\/wp\/v2\/tags?post=241034"}],"curies":[{"name":"wp","href":"https:\/\/api.w.org\/{rel}","templated":true}]}}