{"id":241031,"date":"2020-05-23T14:03:20","date_gmt":"2020-05-23T17:03:20","guid":{"rendered":"https:\/\/notinor.com\/jujuy\/?p=241031"},"modified":"2020-05-23T14:03:25","modified_gmt":"2020-05-23T17:03:25","slug":"amor-y-picardia-el-chico-de-10-anos-que-se-escapo-de-su-casa-para-ver-a-sus-abuelos","status":"publish","type":"post","link":"https:\/\/notinor.com\/jujuy\/amor-y-picardia-el-chico-de-10-anos-que-se-escapo-de-su-casa-para-ver-a-sus-abuelos\/","title":{"rendered":"Amor y picard\u00eda: el chico de 10 a\u00f1os que se escap\u00f3 de su casa para ver a sus abuelos"},"content":{"rendered":"\n<p>Esper\u00f3 hasta que su mam\u00e1 se durmiera la siesta y llen\u00f3 dos mochilas con \u00fatiles escolares,\u00a0barbijos y alcohol en gel\u00a0y sali\u00f3 de su casa para ir a lo de \"los nonos\" .<\/p>\n\n\n\n<figure class=\"wp-block-image size-large\"><img decoding=\"async\" loading=\"lazy\" width=\"1033\" height=\"687\" src=\"https:\/\/i2.wp.com\/notinor.com\/jujuy\/wp-content\/uploads\/2020\/05\/3263509w1033.jpg?fit=722%2C480&amp;ssl=1\" alt=\"\" class=\"wp-image-241032\" srcset=\"https:\/\/notinor.com\/jujuy\/wp-content\/uploads\/2020\/05\/3263509w1033.jpg 1033w, https:\/\/notinor.com\/jujuy\/wp-content\/uploads\/2020\/05\/3263509w1033-549x365.jpg 549w, https:\/\/notinor.com\/jujuy\/wp-content\/uploads\/2020\/05\/3263509w1033-722x480.jpg 722w, https:\/\/notinor.com\/jujuy\/wp-content\/uploads\/2020\/05\/3263509w1033-768x511.jpg 768w, https:\/\/notinor.com\/jujuy\/wp-content\/uploads\/2020\/05\/3263509w1033-400x266.jpg 400w\" sizes=\"(max-width: 1033px) 100vw, 1033px\" \/><\/figure>\n\n\n\n<p class=\"has-background has-vivid-cyan-blue-background-color\">La&nbsp;<strong>cuarententa,&nbsp;<\/strong>que ya cumpli\u00f3 los dos meses en el pa\u00eds, hace que las familias se extra\u00f1en y muchas veces la tecnolog\u00eda no es suficiente. As\u00ed lo sinti\u00f3&nbsp;<strong>Lautaro&nbsp;<\/strong>, un&nbsp;<strong>cordob\u00e9s&nbsp;<\/strong>de s\u00f3lo&nbsp;<strong>10 a\u00f1os&nbsp;<\/strong>, que no resisti\u00f3 m\u00e1s sin ver a sus abuelos. Esper\u00f3 hasta que su mam\u00e1 se durmiera la siesta y llen\u00f3 dos mochilas con \u00fatiles escolares,&nbsp;<strong>barbijos y alcohol en gel&nbsp;<\/strong>y sali\u00f3 de su casa en la ciudad de C\u00f3rdoba para ir a lo de \"los nonos\".<\/p>\n\n\n\n<p>Lautaro se perdi\u00f3 y toc\u00f3 el timbre en una gomer\u00eda.\u00a0<strong>\"Llevame a lo de mis abuelos\",\u00a0<\/strong>pidi\u00f3. La persona llam\u00f3 a la Polic\u00eda d\u00e1ndose cuenta de que el chico estaba extraviado. As\u00ed lleg\u00f3 el patrullero el kil\u00f3metro 8 y medio del Camino San Carlos.<\/p>\n\n\n\n<p><strong>Lautaro les pidi\u00f3 que no lo detuvieran\u00a0<\/strong>y les indic\u00f3 el camino por un par de kil\u00f3metros, supuestamente hacia su casa. <\/p>\n\n\n\n<p>Cuando llegaron a la vivienda, la que sali\u00f3 no fue su mam\u00e1 sino los&nbsp;<strong>abuelos, Gladys y Esteban,&nbsp;<\/strong>a quienes Lautaro no ve\u00eda desde que comenz\u00f3 el aislamiento social, preventivo y obligatorio. El reencuentro fue con l\u00e1grimas y risas. Los \"nonos\" le prometieron&nbsp;<strong>que volver\u00edan a encontrarse cuando ya no hubiera peligro&nbsp;<\/strong>.<\/p>\n\n\n\n<p>Mientras tanto, la madre del chico se percat\u00f3 de su ausencia y sali\u00f3 a buscarlo. Fue hasta la casa de sus padres y all\u00ed lo encontr\u00f3.<\/p>\n\n\n\n<p>La historia la cont\u00f3 la propia Polic\u00eda de C\u00f3rdoba en un comunicado porque los agentes que la vivieron aseguran que los emocion\u00f3. El oficial principal&nbsp;<strong>Maximiliano Merlo&nbsp;<\/strong>junto al cabo primero&nbsp;<strong>Mat\u00edas Maldonado,&nbsp;<\/strong>desde hace dos a\u00f1os parte de un grupo de trabajo en la Patrulla Rural Sur, no hab\u00edan vivido algo as\u00ed en estos dos meses.<\/p>\n","protected":false},"excerpt":{"rendered":"<p>Esper\u00f3 hasta que su mam\u00e1 se durmiera la siesta y llen\u00f3 dos mochilas con \u00fatiles escolares,\u00a0barbijos y alcohol en gel\u00a0y sali\u00f3 de su casa para ir a lo de \"los nonos\" . La&nbsp;cuarententa,&nbsp;que ya cumpli\u00f3 los dos meses en el pa\u00eds, hace que las familias se extra\u00f1en y muchas veces la tecnolog\u00eda no es suficiente. [&hellip;]<\/p>\n","protected":false},"author":37,"featured_media":241032,"comment_status":"open","ping_status":"open","sticky":false,"template":"","format":"standard","meta":{"_stopmodifiedupdate":false,"_modified_date":"","inline_featured_image":false,"spay_email":"","jetpack_publicize_message":"Esper\u00f3 hasta que su mam\u00e1 se durmiera la siesta y llen\u00f3 dos mochilas con \u00fatiles escolares, barbijos y alcohol en gel y sali\u00f3 de su casa para ir a lo de \"los nonos\" "},"categories":[5],"tags":[],"jetpack_featured_media_url":"https:\/\/notinor.com\/jujuy\/wp-content\/uploads\/2020\/05\/3263509w1033.jpg","jetpack_publicize_connections":[],"_links":{"self":[{"href":"https:\/\/notinor.com\/jujuy\/wp-json\/wp\/v2\/posts\/241031"}],"collection":[{"href":"https:\/\/notinor.com\/jujuy\/wp-json\/wp\/v2\/posts"}],"about":[{"href":"https:\/\/notinor.com\/jujuy\/wp-json\/wp\/v2\/types\/post"}],"author":[{"embeddable":true,"href":"https:\/\/notinor.com\/jujuy\/wp-json\/wp\/v2\/users\/37"}],"replies":[{"embeddable":true,"href":"https:\/\/notinor.com\/jujuy\/wp-json\/wp\/v2\/comments?post=241031"}],"version-history":[{"count":1,"href":"https:\/\/notinor.com\/jujuy\/wp-json\/wp\/v2\/posts\/241031\/revisions"}],"predecessor-version":[{"id":241033,"href":"https:\/\/notinor.com\/jujuy\/wp-json\/wp\/v2\/posts\/241031\/revisions\/241033"}],"wp:featuredmedia":[{"embeddable":true,"href":"https:\/\/notinor.com\/jujuy\/wp-json\/wp\/v2\/media\/241032"}],"wp:attachment":[{"href":"https:\/\/notinor.com\/jujuy\/wp-json\/wp\/v2\/media?parent=241031"}],"wp:term":[{"taxonomy":"category","embeddable":true,"href":"https:\/\/notinor.com\/jujuy\/wp-json\/wp\/v2\/categories?post=241031"},{"taxonomy":"post_tag","embeddable":true,"href":"https:\/\/notinor.com\/jujuy\/wp-json\/wp\/v2\/tags?post=241031"}],"curies":[{"name":"wp","href":"https:\/\/api.w.org\/{rel}","templated":true}]}}