{"id":241018,"date":"2020-05-23T12:16:17","date_gmt":"2020-05-23T15:16:17","guid":{"rendered":"https:\/\/notinor.com\/jujuy\/?p=241018"},"modified":"2020-05-23T12:16:24","modified_gmt":"2020-05-23T15:16:24","slug":"fernandez-anuncia-hoy-como-continuara-la-cuarentena-a-partir-del-lunes","status":"publish","type":"post","link":"https:\/\/notinor.com\/jujuy\/fernandez-anuncia-hoy-como-continuara-la-cuarentena-a-partir-del-lunes\/","title":{"rendered":"Fern\u00e1ndez anuncia hoy c\u00f3mo continuar\u00e1 la cuarentena a partir del lunes"},"content":{"rendered":"\n<p>El Presidente le hablar\u00e1 al pa\u00eds a las 19. Volver\u00e1 a\nmostrarse con Axel Kicillof y Horacio Rodr\u00edguez Larreta. Y dar\u00e1 a conocer c\u00f3mo\nser\u00e1 la nueva modalidad del aislamiento. <\/p>\n\n\n\n<figure class=\"wp-block-image size-large\"><img decoding=\"async\" loading=\"lazy\" width=\"750\" height=\"370\" src=\"https:\/\/notinor.com\/jujuy\/wp-content\/uploads\/2020\/05\/NVO-ANUNCIO.jpg\" alt=\"\" class=\"wp-image-241019\" srcset=\"https:\/\/notinor.com\/jujuy\/wp-content\/uploads\/2020\/05\/NVO-ANUNCIO.jpg 750w, https:\/\/notinor.com\/jujuy\/wp-content\/uploads\/2020\/05\/NVO-ANUNCIO-660x326.jpg 660w\" sizes=\"(max-width: 750px) 100vw, 750px\" \/><\/figure>\n\n\n\n<p class=\"has-background has-vivid-cyan-blue-background-color\"><strong>El presidente Alberto Fern\u00e1ndez anunciar\u00e1 hoy una nueva pr\u00f3rroga del aislamiento social, preventivo y obligatorio dispuesto desde el 20 de marzo para contener el avance del coronavirus, y explicar\u00e1 c\u00f3mo ser\u00e1 la modalidad a partir del pr\u00f3ximo lunes en todo el pa\u00eds.<\/strong><\/p>\n\n\n\n<p>Fern\u00e1ndez hablar\u00e1 a las 19 desde la residencia de Olivos,\ndonde volver\u00e1 a mostrarse junto al gobernador de la provincia de Buenos Aires,\nAxel Kicillof; y al jefe de Gobierno porte\u00f1o, Horacio Rodr\u00edguez Larreta; adem\u00e1s\nde autoridades del Ministerio de Salud e integrantes del equipo de expertos,\nindicaron fuentes oficiales.<\/p>\n\n\n\n<p>El anuncio se formalizar\u00e1 luego de que ayer el jefe de\nEstado analizara con el Comit\u00e9 de Expertos sanitarios y parte de su Gabinete\nlos nuevos ejes de la etapa de aislamiento, que tendr\u00e1 como prioridad la\nasistencia a los barrios populares y el reordenamiento del transporte p\u00fablico\nen la zona metropolitana de Buenos Aires.<\/p>\n\n\n\n<p>La nueva pr\u00f3rroga se establecer\u00e1 en momentos en que aumentan\nlos diagn\u00f3sticos en Capital y en el Conurbano: otras 17 personas murieron y 718\nresultaron contagiadas por el virus en las \u00faltimas 24 horas, lo que representa\nel mayor n\u00famero desde el inicio de la pandemia en Argentina.<\/p>\n\n\n\n<p>En la reuni\u00f3n de ayer, los expertos recomendaron al\nPresidente que el Estado \"intervenga\" con todos los recursos posibles\nen los barrios vulnerables, donde se detect\u00f3 un aumento de casos de\ncoronavirus, y destacaron el programa \"Detectar\" que -seg\u00fan\nevaluaron- permiti\u00f3 pasar de la \"vigilancia pasiva a la activa\" en la\ndetecci\u00f3n de casos sospechosos y personas en riesgo, implementado fuertemente\nen el AMBA.<\/p>\n\n\n\n<p>En ese contexto, sugirieron la confecci\u00f3n de un\n\"protocolo espec\u00edfico\" para los habitantes de los barrios populares,\ndijeron las fuentes.<\/p>\n\n\n\n<p>Otro eje de los anuncios de hoy ser\u00e1 el reempadronamiento de\nlos trabajadores exceptuados del aislamiento obligatorio y nuevas restricciones\nal uso del transporte p\u00fablico, que podr\u00eda incluir el cierre de estaciones de\ntrenes.<\/p>\n\n\n\n<p>Estas medidas fueron analizadas durante la semana en\ndistintas reuniones realizadas para coordinar el manejo de la crisis sanitaria,\nen las que hubo coincidiencias entre los gobiernos porte\u00f1o y bonaerense.<\/p>\n\n\n\n<p>Los gobiernos coincidieron en la necesidad de mantener el\naislamiento en el AMBA, que agrupa a la Ciudad y 40 municipios, donde el\ncontrol del uso del transporte p\u00fablico es considerado como una medida\nfundamental para evitar una escalada en la propagaci\u00f3n del virus.<\/p>\n\n\n\n<p>En el \u00faltimo anuncio de pr\u00f3rroga, el 8 de mayo, Fern\u00e1ndez\nhab\u00eda decidido que la zona del AMBA continuase en la fase 3 del aislamiento, ya\nque es la regi\u00f3n con mayor circulaci\u00f3n del virus y cantidad de contagios, en\ntanto que al resto del pa\u00eds pas\u00f3 a la fase siguiente de la cuarentena, la 4.<\/p>\n","protected":false},"excerpt":{"rendered":"<p>El Presidente le hablar\u00e1 al pa\u00eds a las 19. Volver\u00e1 a mostrarse con Axel Kicillof y Horacio Rodr\u00edguez Larreta. Y dar\u00e1 a conocer c\u00f3mo ser\u00e1 la nueva modalidad del aislamiento. El presidente Alberto Fern\u00e1ndez anunciar\u00e1 hoy una nueva pr\u00f3rroga del aislamiento social, preventivo y obligatorio dispuesto desde el 20 de marzo para contener el avance [&hellip;]<\/p>\n","protected":false},"author":5,"featured_media":241019,"comment_status":"open","ping_status":"open","sticky":false,"template":"","format":"standard","meta":{"_stopmodifiedupdate":false,"_modified_date":"","inline_featured_image":false,"spay_email":"","jetpack_publicize_message":"El Presidente le hablar\u00e1 al pa\u00eds a las 19. Volver\u00e1 a mostrarse con Axel Kicillof y Horacio Rodr\u00edguez Larreta. Y dar\u00e1 a conocer c\u00f3mo ser\u00e1 la nueva modalidad del aislamiento. "},"categories":[5],"tags":[],"jetpack_featured_media_url":"https:\/\/notinor.com\/jujuy\/wp-content\/uploads\/2020\/05\/NVO-ANUNCIO.jpg","jetpack_publicize_connections":[],"_links":{"self":[{"href":"https:\/\/notinor.com\/jujuy\/wp-json\/wp\/v2\/posts\/241018"}],"collection":[{"href":"https:\/\/notinor.com\/jujuy\/wp-json\/wp\/v2\/posts"}],"about":[{"href":"https:\/\/notinor.com\/jujuy\/wp-json\/wp\/v2\/types\/post"}],"author":[{"embeddable":true,"href":"https:\/\/notinor.com\/jujuy\/wp-json\/wp\/v2\/users\/5"}],"replies":[{"embeddable":true,"href":"https:\/\/notinor.com\/jujuy\/wp-json\/wp\/v2\/comments?post=241018"}],"version-history":[{"count":1,"href":"https:\/\/notinor.com\/jujuy\/wp-json\/wp\/v2\/posts\/241018\/revisions"}],"predecessor-version":[{"id":241020,"href":"https:\/\/notinor.com\/jujuy\/wp-json\/wp\/v2\/posts\/241018\/revisions\/241020"}],"wp:featuredmedia":[{"embeddable":true,"href":"https:\/\/notinor.com\/jujuy\/wp-json\/wp\/v2\/media\/241019"}],"wp:attachment":[{"href":"https:\/\/notinor.com\/jujuy\/wp-json\/wp\/v2\/media?parent=241018"}],"wp:term":[{"taxonomy":"category","embeddable":true,"href":"https:\/\/notinor.com\/jujuy\/wp-json\/wp\/v2\/categories?post=241018"},{"taxonomy":"post_tag","embeddable":true,"href":"https:\/\/notinor.com\/jujuy\/wp-json\/wp\/v2\/tags?post=241018"}],"curies":[{"name":"wp","href":"https:\/\/api.w.org\/{rel}","templated":true}]}}