{"id":241007,"date":"2020-05-23T11:28:35","date_gmt":"2020-05-23T14:28:35","guid":{"rendered":"https:\/\/notinor.com\/jujuy\/?p=241007"},"modified":"2020-05-23T11:28:40","modified_gmt":"2020-05-23T14:28:40","slug":"servicios-municipales-en-feriado","status":"publish","type":"post","link":"https:\/\/notinor.com\/jujuy\/servicios-municipales-en-feriado\/","title":{"rendered":"Servicios municipales en feriado"},"content":{"rendered":"\n<p>La Municipalidad de la Capital, a trav\u00e9s de las distintas\n\u00e1reas, inform\u00f3 como ser\u00e1 el dispositivo de los servicios municipales para el\nferiado nacional por el 25 de mayo.<\/p>\n\n\n\n<figure class=\"wp-block-image size-large\"><img decoding=\"async\" loading=\"lazy\" width=\"466\" height=\"480\" src=\"https:\/\/notinor.com\/jujuy\/wp-content\/uploads\/2020\/05\/feriado-993x1024-1-466x480.jpeg\" alt=\"\" class=\"wp-image-241008\" srcset=\"https:\/\/notinor.com\/jujuy\/wp-content\/uploads\/2020\/05\/feriado-993x1024-1-466x480.jpeg 466w, https:\/\/notinor.com\/jujuy\/wp-content\/uploads\/2020\/05\/feriado-993x1024-1-355x365.jpeg 355w, https:\/\/notinor.com\/jujuy\/wp-content\/uploads\/2020\/05\/feriado-993x1024-1.jpeg 550w\" sizes=\"(max-width: 466px) 100vw, 466px\" \/><\/figure>\n\n\n\n<p class=\"has-background has-vivid-cyan-blue-background-color\"><strong>La direcci\u00f3n de Higiene Urbana , dependiente de la secretar\u00eda de Servicios P\u00fablicos de la Municipalidad de San Salvador de Jujuy, comunic\u00f3 que con motivo del feriado nacional el lunes 25 de mayo, por conmemorarse el \u201cD\u00eda de la Revoluci\u00f3n de Mayo\u201d, el servicio de recolecci\u00f3n de residuos domiciliarios ser\u00e1 Normal; Limpieza \/ barrido: con Servicio Reducido; en tanto el Servicio Especial (micro basurales) ser\u00e1 Normal.<\/strong><\/p>\n\n\n\n<p>En este sentido, los servicios municipales se realizar\u00e1n de\nla siguiente manera:<\/p>\n\n\n\n<p>\u2022 Recolecci\u00f3n de residuos domiciliarios: Normal<\/p>\n\n\n\n<p>\u2022 Limpieza \/barrido: servicio reducido<\/p>\n\n\n\n<p>\u2022 Servicio Especial (micro basurales) : Normal<\/p>\n\n\n\n<p>Servicios de la Empresa LIMSA S.A:<\/p>\n\n\n\n<p>\u2022 Recolecci\u00f3n de residuos domiciliarios: Normal<\/p>\n\n\n\n<p>\u2022 Recolecci\u00f3n comercial: Normal<\/p>\n\n\n\n<p>\u2022 Recolecci\u00f3n Pat\u00f3geno: Normal<\/p>\n\n\n\n<p>\u2022 Barrido: micro centro, ex terminal<\/p>\n\n\n\n<p>\u2022 Barrido mec\u00e1nico: sin servicio<\/p>\n\n\n\n<p>\u2022 Limpieza de contenedores municipales: Normal.<\/p>\n\n\n\n<p>Mercados municipales<\/p>\n\n\n\n<p>Desde la direcci\u00f3n de Mercados y Ferias, dependiente de la\nsecretar\u00eda de Gobierno de la Municipalidad de San Salvador, inform\u00f3 que los\nmercados de Concentraci\u00f3n y Abasto y Mercado Hip\u00f3lito Yrigoyen, atender\u00e1n el\ndomingo 24 de mayo de 8 a 13 horas., reanudando la atenci\u00f3n el martes 26. Por\nlo que el lunes 25 de mayo estar\u00e1n todos los mercados cerrados.<\/p>\n\n\n\n<p>Tr\u00e1nsito y Transporte<\/p>\n\n\n\n<p>Desde la direcci\u00f3n general de Tr\u00e1nsito y Transporte,\ndependiente de la secretar\u00eda de Servicios P\u00fablicos, informaron que las\nprestaciones del servicio de Transporte urbano ser\u00e1 normal con los horarios de\ncirculaci\u00f3n establecidos bajo la modalidad a la emergencia sanitaria por el\nCovid-19.<\/p>\n\n\n\n<p>Cementerios<\/p>\n\n\n\n<p>En tanto, la direcci\u00f3n de Cementerios, dependiente de la\nsecretar\u00eda de Gobierno, comunic\u00f3 que las necr\u00f3polis permanecer\u00e1n cerradas al\np\u00fablico, por lo que s\u00f3lo se realizar\u00e1n inhumaciones en ambas necr\u00f3polis\ncumpliendo con las medidas dispuestas ante la pandemia del Covid-19.\nManteniendo guardia de administraci\u00f3n de 9 a 13hs.<\/p>\n","protected":false},"excerpt":{"rendered":"<p>La Municipalidad de la Capital, a trav\u00e9s de las distintas \u00e1reas, inform\u00f3 como ser\u00e1 el dispositivo de los servicios municipales para el feriado nacional por el 25 de mayo. La direcci\u00f3n de Higiene Urbana , dependiente de la secretar\u00eda de Servicios P\u00fablicos de la Municipalidad de San Salvador de Jujuy, comunic\u00f3 que con motivo del [&hellip;]<\/p>\n","protected":false},"author":5,"featured_media":204408,"comment_status":"open","ping_status":"open","sticky":false,"template":"","format":"standard","meta":{"_stopmodifiedupdate":false,"_modified_date":"","inline_featured_image":false,"spay_email":"","jetpack_publicize_message":"La Municipalidad de la Capital, a trav\u00e9s de las distintas \u00e1reas, inform\u00f3 como ser\u00e1 el dispositivo de los servicios municipales para el feriado nacional por el 25 de mayo."},"categories":[514],"tags":[],"jetpack_featured_media_url":"https:\/\/notinor.com\/jujuy\/wp-content\/uploads\/2018\/12\/servicios.png","jetpack_publicize_connections":[],"_links":{"self":[{"href":"https:\/\/notinor.com\/jujuy\/wp-json\/wp\/v2\/posts\/241007"}],"collection":[{"href":"https:\/\/notinor.com\/jujuy\/wp-json\/wp\/v2\/posts"}],"about":[{"href":"https:\/\/notinor.com\/jujuy\/wp-json\/wp\/v2\/types\/post"}],"author":[{"embeddable":true,"href":"https:\/\/notinor.com\/jujuy\/wp-json\/wp\/v2\/users\/5"}],"replies":[{"embeddable":true,"href":"https:\/\/notinor.com\/jujuy\/wp-json\/wp\/v2\/comments?post=241007"}],"version-history":[{"count":1,"href":"https:\/\/notinor.com\/jujuy\/wp-json\/wp\/v2\/posts\/241007\/revisions"}],"predecessor-version":[{"id":241009,"href":"https:\/\/notinor.com\/jujuy\/wp-json\/wp\/v2\/posts\/241007\/revisions\/241009"}],"wp:featuredmedia":[{"embeddable":true,"href":"https:\/\/notinor.com\/jujuy\/wp-json\/wp\/v2\/media\/204408"}],"wp:attachment":[{"href":"https:\/\/notinor.com\/jujuy\/wp-json\/wp\/v2\/media?parent=241007"}],"wp:term":[{"taxonomy":"category","embeddable":true,"href":"https:\/\/notinor.com\/jujuy\/wp-json\/wp\/v2\/categories?post=241007"},{"taxonomy":"post_tag","embeddable":true,"href":"https:\/\/notinor.com\/jujuy\/wp-json\/wp\/v2\/tags?post=241007"}],"curies":[{"name":"wp","href":"https:\/\/api.w.org\/{rel}","templated":true}]}}