{"id":241000,"date":"2020-05-23T11:20:30","date_gmt":"2020-05-23T14:20:30","guid":{"rendered":"https:\/\/notinor.com\/jujuy\/?p=241000"},"modified":"2020-05-23T11:20:34","modified_gmt":"2020-05-23T14:20:34","slug":"una-variedad-de-expresiones-culturales-sin-salir-de-casa","status":"publish","type":"post","link":"https:\/\/notinor.com\/jujuy\/una-variedad-de-expresiones-culturales-sin-salir-de-casa\/","title":{"rendered":"Una variedad de expresiones culturales sin salir de casa"},"content":{"rendered":"\n<p>El Intendente de San Salvador de Jujuy, Ra\u00fal \u201cChuli\u201d Jorge,\nfue part\u00edcipe de la presentaci\u00f3n oficial del micrositio de Cultura destinada al\np\u00fablico en general que podr\u00e1 acceder a una variedad de expresiones art\u00edsticas\nde los diferentes espacios culturales municipales. Esta propuesta fue puesta en\nmarcha bajo la consigna de #Qu\u00e9dateEnCasa, debido a la pandemia del Covid-19<\/p>\n\n\n\n<figure class=\"wp-block-image size-large\"><img decoding=\"async\" loading=\"lazy\" width=\"750\" height=\"390\" src=\"https:\/\/notinor.com\/jujuy\/wp-content\/uploads\/2020\/05\/expre-culturales.jpeg\" alt=\"\" class=\"wp-image-241005\" srcset=\"https:\/\/notinor.com\/jujuy\/wp-content\/uploads\/2020\/05\/expre-culturales.jpeg 750w, https:\/\/notinor.com\/jujuy\/wp-content\/uploads\/2020\/05\/expre-culturales-660x343.jpeg 660w\" sizes=\"(max-width: 750px) 100vw, 750px\" \/><\/figure>\n\n\n\n<p class=\"has-background has-vivid-cyan-blue-background-color\"><strong>Luego de la presentaci\u00f3n del micrositio, el Intendente \u201cChuli\u201d Jorge explic\u00f3 que la p\u00e1gina est\u00e1 enlazada a redes, como Facebook, Instagram y Youtube para ofrecer todo lo producido en los diferentes Centros Culturales, como lo har\u00e1 el Centro Cultural \u201cH\u00e9ctor Tiz\u00f3n\u201d en su nuevo aniversario el s\u00e1bado 23, el Festival del Locro el domingo 24, posibilitando a los artistas que trabajan con el municipio \u201cexpresarse por distintos medios, como tambi\u00e9n para los ni\u00f1os, en este tiempo de cuarentena, con cuentos, obras de teatro, espect\u00e1culos, danza, folklore\u201d.<\/strong><\/p>\n\n\n\n<p>En palabras de Luciano C\u00f3rdoba, secretario de Planificaci\u00f3n,\nDesarrollo y Modernizaci\u00f3n, a cargo de Cultura y Turismo, se puso \u00e9nfasis en la\npuesta en marcha del micro sitio de Cultura, \u201cla primera parte de la plataforma\npresenta contenidos, la gran mayor\u00eda producidos por los propios profesores y\nartistas vinculados a los Centros Culturales\u201d. Agreg\u00f3 que \u201cadem\u00e1s encontrar\u00e1n\nartistas y m\u00fasicos que se suman de manera colaborativa a la plataforma para\nllegar con sus propuestas de una manera diferente a la gente\u201d.<\/p>\n\n\n\n<p>Luego, Alejandra Guti\u00e9rrez, directora de Cultura, acerca de\npoder presentar el sitio cultural, destac\u00f3 que se podr\u00e1 disfrutar, aprender y\nhacer cultura infantil, \u201cm\u00e1s adelante se sumar\u00e1n otras propuestas para\ndistintos colectivos art\u00edsticos de la ciudad y asi seguir llegando a la gente\ndesde un lugar unificado\u201d.<\/p>\n","protected":false},"excerpt":{"rendered":"<p>El Intendente de San Salvador de Jujuy, Ra\u00fal \u201cChuli\u201d Jorge, fue part\u00edcipe de la presentaci\u00f3n oficial del micrositio de Cultura destinada al p\u00fablico en general que podr\u00e1 acceder a una variedad de expresiones art\u00edsticas de los diferentes espacios culturales municipales. Esta propuesta fue puesta en marcha bajo la consigna de #Qu\u00e9dateEnCasa, debido a la pandemia [&hellip;]<\/p>\n","protected":false},"author":5,"featured_media":241004,"comment_status":"open","ping_status":"open","sticky":false,"template":"","format":"standard","meta":{"_stopmodifiedupdate":false,"_modified_date":"","inline_featured_image":false,"spay_email":"","jetpack_publicize_message":"El Intendente de San Salvador de Jujuy, Ra\u00fal \u201cChuli\u201d Jorge, fue part\u00edcipe de la presentaci\u00f3n oficial del micrositio de Cultura destinada al p\u00fablico en general que podr\u00e1 acceder a una variedad de expresiones art\u00edsticas de los diferentes espacios culturales "},"categories":[514],"tags":[],"jetpack_featured_media_url":"https:\/\/notinor.com\/jujuy\/wp-content\/uploads\/2020\/05\/expre-cultu-2-1024x558-1.jpeg","jetpack_publicize_connections":[],"_links":{"self":[{"href":"https:\/\/notinor.com\/jujuy\/wp-json\/wp\/v2\/posts\/241000"}],"collection":[{"href":"https:\/\/notinor.com\/jujuy\/wp-json\/wp\/v2\/posts"}],"about":[{"href":"https:\/\/notinor.com\/jujuy\/wp-json\/wp\/v2\/types\/post"}],"author":[{"embeddable":true,"href":"https:\/\/notinor.com\/jujuy\/wp-json\/wp\/v2\/users\/5"}],"replies":[{"embeddable":true,"href":"https:\/\/notinor.com\/jujuy\/wp-json\/wp\/v2\/comments?post=241000"}],"version-history":[{"count":1,"href":"https:\/\/notinor.com\/jujuy\/wp-json\/wp\/v2\/posts\/241000\/revisions"}],"predecessor-version":[{"id":241006,"href":"https:\/\/notinor.com\/jujuy\/wp-json\/wp\/v2\/posts\/241000\/revisions\/241006"}],"wp:featuredmedia":[{"embeddable":true,"href":"https:\/\/notinor.com\/jujuy\/wp-json\/wp\/v2\/media\/241004"}],"wp:attachment":[{"href":"https:\/\/notinor.com\/jujuy\/wp-json\/wp\/v2\/media?parent=241000"}],"wp:term":[{"taxonomy":"category","embeddable":true,"href":"https:\/\/notinor.com\/jujuy\/wp-json\/wp\/v2\/categories?post=241000"},{"taxonomy":"post_tag","embeddable":true,"href":"https:\/\/notinor.com\/jujuy\/wp-json\/wp\/v2\/tags?post=241000"}],"curies":[{"name":"wp","href":"https:\/\/api.w.org\/{rel}","templated":true}]}}