{"id":240818,"date":"2020-05-22T10:43:33","date_gmt":"2020-05-22T13:43:33","guid":{"rendered":"https:\/\/notinor.com\/jujuy\/?p=240818"},"modified":"2020-05-22T10:43:34","modified_gmt":"2020-05-22T13:43:34","slug":"coronavirus-confirmaron-tres-nuevas-muertes-y-ya-son-419-las-victimas","status":"publish","type":"post","link":"https:\/\/notinor.com\/jujuy\/coronavirus-confirmaron-tres-nuevas-muertes-y-ya-son-419-las-victimas\/","title":{"rendered":"Coronavirus: confirmaron tres nuevas muertes y ya son 419 las v\u00edctimas"},"content":{"rendered":"\n<p>Se trata de tres mujeres que viv\u00edan en la Ciudad. La nueva\ncifra fue confirmada por el Ministerio de Salud en su reporte diario sobre el\navance de la pandemia.<\/p>\n\n\n\n<figure class=\"wp-block-image size-large\"><img decoding=\"async\" loading=\"lazy\" width=\"750\" height=\"418\" src=\"https:\/\/notinor.com\/jujuy\/wp-content\/uploads\/2020\/05\/MAS.jpg\" alt=\"\" class=\"wp-image-240820\" srcset=\"https:\/\/notinor.com\/jujuy\/wp-content\/uploads\/2020\/05\/MAS.jpg 750w, https:\/\/notinor.com\/jujuy\/wp-content\/uploads\/2020\/05\/MAS-655x365.jpg 655w, https:\/\/notinor.com\/jujuy\/wp-content\/uploads\/2020\/05\/MAS-500x280.jpg 500w\" sizes=\"(max-width: 750px) 100vw, 750px\" \/><\/figure>\n\n\n\n<p class=\"has-background has-vivid-cyan-blue-background-color\"><strong>El Ministerio de Salud de la Naci\u00f3n confirm\u00f3 este viernes tres nuevas muertes por coronavirus por lo que asciende a 419 la cantidad de v\u00edctimas fatales en el pa\u00eds.<\/strong><\/p>\n\n\n\n<p>Se trata de tres mujeres de 79, 80 y 83 a\u00f1os que viv\u00edan en\nla ciudad de Buenos Aires. Adem\u00e1s, el total de casos confirmados desde el\ninicio de la pandemia alcanza los 9931, de los que 6450 cursan la infecci\u00f3n,\nmientras que 3062 lograron recuperarse y recibieron el alta.<\/p>\n\n\n\n<p>Respecto a los confirmados, 947 (9,5%) son importados; 4.334\n(43,6%) pertenecen a contactos estrechos de positivos; 3.154 (31,8%)\ncorresponden a circulaci\u00f3n comunitaria y el resto se encuentra en investigaci\u00f3n\nepidemiol\u00f3gica.<\/p>\n\n\n\n<p>Por otro lado, del total de casos (9931), el 48,7% son\nmujeres y el 51,3% son hombres. Las principales franjas etarias afectadas de\nlos casos registrados corresponden a personas de entre 20 y 59 a\u00f1os, siendo la\nedad promedio de 39 a\u00f1os.<\/p>\n\n\n\n<p>\u201cLa tasa de letalidad desciende al 4,2% y la tasa de\nmortalidad general de 9,2 casos por cada mill\u00f3n de habitantes. En un 60% esta\nsituaci\u00f3n afecta a varones y en un 40% a mujeres con una edad mediana de 75\na\u00f1os\u201d, indicaron desde el Ministerio de Salud.<\/p>\n\n\n\n<p>En lo que respecta al n\u00famero de testeos, las autoridades\ninformaron que hasta este viernes fueron realizadas 4589 nuevas muestras y\ndesde el inicio del brote se aplicaron 121.278 pruebas diagn\u00f3sticas, lo que\nequivale a 2672 muestras por mill\u00f3n de habitantes.<\/p>\n\n\n\n<p>Las nuevas cifras se conocen luego de que este jueves se\nregistrara un nuevo r\u00e9cord en el n\u00famero de contagios, con un total de 648 en 24\nhoras. La cifra preocupa a los especialistas, quienes afirman que la tendencia\nes que cada d\u00eda aumente m\u00e1s.<\/p>\n","protected":false},"excerpt":{"rendered":"<p>Se trata de tres mujeres que viv\u00edan en la Ciudad. La nueva cifra fue confirmada por el Ministerio de Salud en su reporte diario sobre el avance de la pandemia. El Ministerio de Salud de la Naci\u00f3n confirm\u00f3 este viernes tres nuevas muertes por coronavirus por lo que asciende a 419 la cantidad de v\u00edctimas [&hellip;]<\/p>\n","protected":false},"author":5,"featured_media":230777,"comment_status":"open","ping_status":"open","sticky":false,"template":"","format":"standard","meta":{"_stopmodifiedupdate":false,"_modified_date":"","inline_featured_image":false,"spay_email":"","jetpack_publicize_message":"Se trata de tres mujeres que viv\u00edan en la Ciudad. La nueva cifra fue confirmada por el Ministerio de Salud en su reporte diario sobre el avance de la pandemia."},"categories":[2],"tags":[],"jetpack_featured_media_url":"https:\/\/notinor.com\/jujuy\/wp-content\/uploads\/2020\/03\/coronavirus-en-argentina-confirman-10___mc9b8w19_1256x620__1.jpg","jetpack_publicize_connections":[],"_links":{"self":[{"href":"https:\/\/notinor.com\/jujuy\/wp-json\/wp\/v2\/posts\/240818"}],"collection":[{"href":"https:\/\/notinor.com\/jujuy\/wp-json\/wp\/v2\/posts"}],"about":[{"href":"https:\/\/notinor.com\/jujuy\/wp-json\/wp\/v2\/types\/post"}],"author":[{"embeddable":true,"href":"https:\/\/notinor.com\/jujuy\/wp-json\/wp\/v2\/users\/5"}],"replies":[{"embeddable":true,"href":"https:\/\/notinor.com\/jujuy\/wp-json\/wp\/v2\/comments?post=240818"}],"version-history":[{"count":1,"href":"https:\/\/notinor.com\/jujuy\/wp-json\/wp\/v2\/posts\/240818\/revisions"}],"predecessor-version":[{"id":240821,"href":"https:\/\/notinor.com\/jujuy\/wp-json\/wp\/v2\/posts\/240818\/revisions\/240821"}],"wp:featuredmedia":[{"embeddable":true,"href":"https:\/\/notinor.com\/jujuy\/wp-json\/wp\/v2\/media\/230777"}],"wp:attachment":[{"href":"https:\/\/notinor.com\/jujuy\/wp-json\/wp\/v2\/media?parent=240818"}],"wp:term":[{"taxonomy":"category","embeddable":true,"href":"https:\/\/notinor.com\/jujuy\/wp-json\/wp\/v2\/categories?post=240818"},{"taxonomy":"post_tag","embeddable":true,"href":"https:\/\/notinor.com\/jujuy\/wp-json\/wp\/v2\/tags?post=240818"}],"curies":[{"name":"wp","href":"https:\/\/api.w.org\/{rel}","templated":true}]}}