{"id":240813,"date":"2020-05-22T10:33:21","date_gmt":"2020-05-22T13:33:21","guid":{"rendered":"https:\/\/notinor.com\/jujuy\/?p=240813"},"modified":"2020-05-22T10:33:26","modified_gmt":"2020-05-22T13:33:26","slug":"cada-media-hora-hay-un-muerto-por-coronavirus-en-chile","status":"publish","type":"post","link":"https:\/\/notinor.com\/jujuy\/cada-media-hora-hay-un-muerto-por-coronavirus-en-chile\/","title":{"rendered":"Cada media hora hay un muerto por coronavirus en Chile"},"content":{"rendered":"\n<p>El incremento de nuevos infectados diarios, unos 3750 los\n\u00faltimos d\u00edas, de los cuales unos 37 necesitar\u00e1n camas de cuidados intensivos y\nrespiradores mec\u00e1nicos, es una de las mayores preocupaciones de las\nautoridades.<\/p>\n\n\n\n<figure class=\"wp-block-image size-large\"><img decoding=\"async\" loading=\"lazy\" width=\"750\" height=\"372\" src=\"https:\/\/notinor.com\/jujuy\/wp-content\/uploads\/2020\/05\/TUMBAS.jpg\" alt=\"\" class=\"wp-image-240815\" srcset=\"https:\/\/notinor.com\/jujuy\/wp-content\/uploads\/2020\/05\/TUMBAS.jpg 750w, https:\/\/notinor.com\/jujuy\/wp-content\/uploads\/2020\/05\/TUMBAS-660x327.jpg 660w\" sizes=\"(max-width: 750px) 100vw, 750px\" \/><\/figure>\n\n\n\n<p class=\"has-background has-vivid-cyan-blue-background-color\"><strong>Uno de los pa\u00edses m\u00e1s castigados por el COVID-19 en la regi\u00f3n es Chile, que en la jornada del jueves inform\u00f3 que cada 32 minutos muri\u00f3 una persona, y en total se acumularon 49 fallecidos registrados en un d\u00eda, marcando un nuevo r\u00e9cord que llev\u00f3 el total de decesos a 589 desde la llegada del virus hace dos meses y medio a un pa\u00eds que tiene 57.581 contagiados.<\/strong><\/p>\n\n\n\n<p>El incremento de nuevos infectados diarios, unos 3750 los\n\u00faltimos d\u00edas, de los cuales unos 37 necesitar\u00e1n camas de cuidados intensivos y\nrespiradores mec\u00e1nicos, es una de las mayores preocupaciones de las\nautoridades, que anunciaron que a fin de mes el pa\u00eds contar\u00e1 con 3311 unidades\nde uso cr\u00edtico, el triple de las disponibles a comienzos de marzo en el sistema\np\u00fablico.<\/p>\n\n\n\n<p>El sector privado, por su parte, deber\u00e1n aumentar en 150 sus\ncamas cr\u00edticas el fin de semana y en 720 a mediados de junio. Si no acatan la\norden, \"no dudaremos en tomar el control de las instituciones que no\ncumplan'', advirti\u00f3 el subsecretario de Redes Asistenciales, Arturo Z\u00fa\u00f1iga.<\/p>\n\n\n\n<p>En tanto, el ministro de Salud, Jaime Ma\u00f1alich, inform\u00f3 que\nya se est\u00e1n usando las unidades pedi\u00e1tricas de los hospitales del gran\nSantiago.<\/p>\n\n\n\n<p>La cuarentena total en el gran Santiago, que concentra el\nmayor n\u00famero de muertos e infectados, cumple una semana e inicia una segunda,\nsin que de momento se observe una disminuci\u00f3n de las infecciones.<\/p>\n","protected":false},"excerpt":{"rendered":"<p>El incremento de nuevos infectados diarios, unos 3750 los \u00faltimos d\u00edas, de los cuales unos 37 necesitar\u00e1n camas de cuidados intensivos y respiradores mec\u00e1nicos, es una de las mayores preocupaciones de las autoridades. Uno de los pa\u00edses m\u00e1s castigados por el COVID-19 en la regi\u00f3n es Chile, que en la jornada del jueves inform\u00f3 que [&hellip;]<\/p>\n","protected":false},"author":5,"featured_media":240814,"comment_status":"open","ping_status":"open","sticky":false,"template":"","format":"standard","meta":{"_stopmodifiedupdate":false,"_modified_date":"","inline_featured_image":false,"spay_email":"","jetpack_publicize_message":"El incremento de nuevos infectados diarios, unos 3750 los \u00faltimos d\u00edas, de los cuales unos 37 necesitar\u00e1n camas de cuidados intensivos y respiradores mec\u00e1nicos, es una de las mayores preocupaciones de las autoridades."},"categories":[6],"tags":[],"jetpack_featured_media_url":"https:\/\/notinor.com\/jujuy\/wp-content\/uploads\/2020\/05\/CHILE-RECORD.jpg","jetpack_publicize_connections":[],"_links":{"self":[{"href":"https:\/\/notinor.com\/jujuy\/wp-json\/wp\/v2\/posts\/240813"}],"collection":[{"href":"https:\/\/notinor.com\/jujuy\/wp-json\/wp\/v2\/posts"}],"about":[{"href":"https:\/\/notinor.com\/jujuy\/wp-json\/wp\/v2\/types\/post"}],"author":[{"embeddable":true,"href":"https:\/\/notinor.com\/jujuy\/wp-json\/wp\/v2\/users\/5"}],"replies":[{"embeddable":true,"href":"https:\/\/notinor.com\/jujuy\/wp-json\/wp\/v2\/comments?post=240813"}],"version-history":[{"count":1,"href":"https:\/\/notinor.com\/jujuy\/wp-json\/wp\/v2\/posts\/240813\/revisions"}],"predecessor-version":[{"id":240816,"href":"https:\/\/notinor.com\/jujuy\/wp-json\/wp\/v2\/posts\/240813\/revisions\/240816"}],"wp:featuredmedia":[{"embeddable":true,"href":"https:\/\/notinor.com\/jujuy\/wp-json\/wp\/v2\/media\/240814"}],"wp:attachment":[{"href":"https:\/\/notinor.com\/jujuy\/wp-json\/wp\/v2\/media?parent=240813"}],"wp:term":[{"taxonomy":"category","embeddable":true,"href":"https:\/\/notinor.com\/jujuy\/wp-json\/wp\/v2\/categories?post=240813"},{"taxonomy":"post_tag","embeddable":true,"href":"https:\/\/notinor.com\/jujuy\/wp-json\/wp\/v2\/tags?post=240813"}],"curies":[{"name":"wp","href":"https:\/\/api.w.org\/{rel}","templated":true}]}}