{"id":240804,"date":"2020-05-21T22:00:00","date_gmt":"2020-05-22T01:00:00","guid":{"rendered":"https:\/\/notinor.com\/jujuy\/?p=240804"},"modified":"2020-05-22T10:08:14","modified_gmt":"2020-05-22T13:08:14","slug":"primer-aniversario-del-nido-y-el-parque-belgrano","status":"publish","type":"post","link":"https:\/\/notinor.com\/jujuy\/primer-aniversario-del-nido-y-el-parque-belgrano\/","title":{"rendered":"Primer aniversario del Nido y el Parque Belgrano"},"content":{"rendered":"\n<p>En medio de la pandemia del Coronavirus Covid-19, el nuevo\npulm\u00f3n verde de la ciudad y el NIDO del Parque Belgrano -ubicado entre las\nviviendas de Adep, la zona de los barrios B1, B3 y Las Lomas- de Alto Comedero\ndependiente de la Municipalidad de San Salvador de Jujuy, cumpli\u00f3 su primer\naniversario y reactiva su funcionalidad con actividades f\u00edsicas con cupos\nlimitados.<\/p>\n\n\n\n<figure class=\"wp-block-image size-large\"><img decoding=\"async\" loading=\"lazy\" width=\"724\" height=\"480\" src=\"https:\/\/notinor.com\/jujuy\/wp-content\/uploads\/2020\/05\/NIDO-724x480.jpeg\" alt=\"\" class=\"wp-image-240805\" srcset=\"https:\/\/notinor.com\/jujuy\/wp-content\/uploads\/2020\/05\/NIDO-724x480.jpeg 724w, https:\/\/notinor.com\/jujuy\/wp-content\/uploads\/2020\/05\/NIDO-550x365.jpeg 550w, https:\/\/notinor.com\/jujuy\/wp-content\/uploads\/2020\/05\/NIDO-400x266.jpeg 400w, https:\/\/notinor.com\/jujuy\/wp-content\/uploads\/2020\/05\/NIDO.jpeg 748w\" sizes=\"(max-width: 724px) 100vw, 724px\" \/><\/figure>\n\n\n\n<p class=\"has-background has-vivid-cyan-blue-background-color\"><strong>Desde ma\u00f1ana (viernes) desde las 8 hasta las 18 horas las personas interesadas en tomar clases de yoga, zumba, \u201cCiudad Activa\u201d y Gymbae, actividades que se desarrollar\u00e1n respetando el protocolo de bioseguridad tomando en cuenta el distanciamiento entre personas, uso del barbijo y ropa deportiva provisto del l\u00edquido elemento para su hidrataci\u00f3n.<\/strong><\/p>\n\n\n\n<p>Irma Ovejero, administradora del NIDO Belgrano, dependiente\nde Intendencia, destac\u00f3 que, \u201cel Parque Belgrano, en \u00e9poca normal, re\u00fane\ndiariamente a 600 o 650 personas entre peatones y participantes de los\ndistintos cursos o talleres educativos, recreativos y deportivos. El\ndistanciamiento social no nos ha permitido tener el festejo que hubi\u00e9semos\ndeseado, pero ahora con esta modalidad de aislamiento vamos a reiniciar\nprogresivamente con los talleres de educaci\u00f3n f\u00edsica, con: \u201cCiudad Activa\u201d,\nyoga y zumba, siempre siguiendo el protocolo de bioseguridad\u201d.<\/p>\n\n\n\n<p>La reactivaci\u00f3n es un anhelo para \u201cvolver a disponer de este\npulm\u00f3n verde que est\u00e1 vinculado con los habitantes de Alto Comedero con\ncaminatas y actividades f\u00edsicas. Tambi\u00e9n los visitantes podr\u00e1n realizar vistaje\nde animales propio del lugar, lo que lo convierte en una propuesta tur\u00edstica\u201d,\ncerr\u00f3<\/p>\n","protected":false},"excerpt":{"rendered":"<p>En medio de la pandemia del Coronavirus Covid-19, el nuevo pulm\u00f3n verde de la ciudad y el NIDO del Parque Belgrano -ubicado entre las viviendas de Adep, la zona de los barrios B1, B3 y Las Lomas- de Alto Comedero dependiente de la Municipalidad de San Salvador de Jujuy, cumpli\u00f3 su primer aniversario y reactiva [&hellip;]<\/p>\n","protected":false},"author":5,"featured_media":240806,"comment_status":"open","ping_status":"open","sticky":false,"template":"","format":"standard","meta":{"_stopmodifiedupdate":false,"_modified_date":"","inline_featured_image":false,"spay_email":"","jetpack_publicize_message":"En medio de la pandemia del Coronavirus Covid-19, el nuevo pulm\u00f3n verde de la ciudad y el NIDO del Parque Belgrano -ubicado entre las viviendas de Adep, la zona de los barrios B1, B3 y Las Lomas- de Alto Comedero dependiente de la Municipalidad de San Salv"},"categories":[514],"tags":[],"jetpack_featured_media_url":"https:\/\/notinor.com\/jujuy\/wp-content\/uploads\/2020\/05\/NIDO-BELGRANO.jpeg","jetpack_publicize_connections":[],"_links":{"self":[{"href":"https:\/\/notinor.com\/jujuy\/wp-json\/wp\/v2\/posts\/240804"}],"collection":[{"href":"https:\/\/notinor.com\/jujuy\/wp-json\/wp\/v2\/posts"}],"about":[{"href":"https:\/\/notinor.com\/jujuy\/wp-json\/wp\/v2\/types\/post"}],"author":[{"embeddable":true,"href":"https:\/\/notinor.com\/jujuy\/wp-json\/wp\/v2\/users\/5"}],"replies":[{"embeddable":true,"href":"https:\/\/notinor.com\/jujuy\/wp-json\/wp\/v2\/comments?post=240804"}],"version-history":[{"count":1,"href":"https:\/\/notinor.com\/jujuy\/wp-json\/wp\/v2\/posts\/240804\/revisions"}],"predecessor-version":[{"id":240807,"href":"https:\/\/notinor.com\/jujuy\/wp-json\/wp\/v2\/posts\/240804\/revisions\/240807"}],"wp:featuredmedia":[{"embeddable":true,"href":"https:\/\/notinor.com\/jujuy\/wp-json\/wp\/v2\/media\/240806"}],"wp:attachment":[{"href":"https:\/\/notinor.com\/jujuy\/wp-json\/wp\/v2\/media?parent=240804"}],"wp:term":[{"taxonomy":"category","embeddable":true,"href":"https:\/\/notinor.com\/jujuy\/wp-json\/wp\/v2\/categories?post=240804"},{"taxonomy":"post_tag","embeddable":true,"href":"https:\/\/notinor.com\/jujuy\/wp-json\/wp\/v2\/tags?post=240804"}],"curies":[{"name":"wp","href":"https:\/\/api.w.org\/{rel}","templated":true}]}}